{"id":43456,"date":"2022-04-01T12:59:52","date_gmt":"2022-04-01T10:59:52","guid":{"rendered":"https:\/\/www.joyeriajael.es\/breitling-appoints-giannis-antetokounmpo-as-ambassador\/"},"modified":"2022-04-03T18:02:49","modified_gmt":"2022-04-03T16:02:49","slug":"breitling-appoints-giannis-antetokounmpo-as-ambassador","status":"publish","type":"post","link":"https:\/\/www.joyeriajael.es\/en\/breitling-appoints-giannis-antetokounmpo-as-ambassador\/","title":{"rendered":"Breitling appoints Giannis Antetokounmpo as ambassador"},"content":{"rendered":"\n<p><a href=\"https:\/\/www.breitling.com\/us-es\/news\/details\/breitling-welcomes-its-newest-squad-member--36445\" target=\"_blank\" data-type=\"URL\" data-id=\"https:\/\/www.breitling.com\/us-es\/news\/details\/breitling-welcomes-its-newest-squad-member--36445\" rel=\"noreferrer noopener\">Breitling<\/a> has a new member in its <em>squad<\/em>: Giannis Antetokounmpo, professional basketball player in the NBA for the last nine seasons and one of the most outstanding athletes of his generation. In his career he has already achieved almost every possible milestone, including MIP, MVP (twice), Defensive Player of the Year and Finals MVP. In 2021, he also led the Milwaukee Bucks to their first championship crown in 50 years.<\/p>\n\n<!--more-->\n\n<p>Antetokounmpo will represent the luxury watch manufacturer and will be one of the faces of the brand. &#8220;Giannis&#8217; willpower, dedication, unwavering vision and desire to give back make him an inspiration,&#8221; says Breitling CEO Georges Kern. &#8220;Plus, he&#8217;s one of the nicest, down-to-earth guys you can meet. When we recruit members for our <em>squad<\/em>, it&#8217;s not just because they are the best at what they do, but because they demonstrate character and integrity in everything they set out to do.&#8221;<\/p>\n\n<p>With his impressive 6&#8217;10&#8221; frame and jumping prowess to match his height, Giannis Antetokounmpo seemed predestined for basketball. But he didn&#8217;t make it at the traditional <em>scouting grounds<\/em> for the NBA in the United States. His has been a much rarer and much more international career. Antetokounmpo was born in Athens (Greece) to Nigerian parents. Although he grew up facing many difficulties, his passion for basketball and his tireless desire to succeed overcame those obstacles. After his time in the Greek youth leagues, and while still a teenager, he was selected for the NBA.<\/p>\n\n<p>Today he is reliving the same experience, but in reverse: Antetokounmpo and his brothers have opened a basketball school in the Greek capital that helps children from disadvantaged backgrounds to take an interest in the sport and thus gain the confidence and vital skills to achieve whatever they set their minds to.<\/p>\n\n<p>En el Breitling Squad, el baloncestista se une as\u00ed a celebridades como Brad Pitt, Charlize Theron, Misty Copeland, Kelly Slater o Adam Driver. Through their personality and style, each member reflects Breitling&#8217;s carefree, inclusive and sustainable approach to luxury, while bringing their own personal dynamism to their work with the brand.<\/p>\n\n<figure class=\"wp-block-gallery has-nested-images columns-default is-cropped wp-block-gallery-1 is-layout-flex wp-block-gallery-is-layout-flex\">\n<figure class=\"wp-block-image size-large\"><img fetchpriority=\"high\" decoding=\"async\" width=\"960\" height=\"639\" data-id=\"43002\" src=\"https:\/\/www.joyeriajael.es\/wp-content\/uploads\/2022\/01\/02_breitling-welcomes-basketball-superstar-giannis-antetokounmpo-960x639.jpg\" alt=\"\" class=\"wp-image-43002\" srcset=\"https:\/\/www.joyeriajael.es\/wp-content\/uploads\/2022\/01\/02_breitling-welcomes-basketball-superstar-giannis-antetokounmpo-960x639.jpg 960w, https:\/\/www.joyeriajael.es\/wp-content\/uploads\/2022\/01\/02_breitling-welcomes-basketball-superstar-giannis-antetokounmpo-scaled-600x399.jpg 600w, https:\/\/www.joyeriajael.es\/wp-content\/uploads\/2022\/01\/02_breitling-welcomes-basketball-superstar-giannis-antetokounmpo-300x200.jpg 300w, https:\/\/www.joyeriajael.es\/wp-content\/uploads\/2022\/01\/02_breitling-welcomes-basketball-superstar-giannis-antetokounmpo-350x233.jpg 350w, https:\/\/www.joyeriajael.es\/wp-content\/uploads\/2022\/01\/02_breitling-welcomes-basketball-superstar-giannis-antetokounmpo-370x246.jpg 370w, https:\/\/www.joyeriajael.es\/wp-content\/uploads\/2022\/01\/02_breitling-welcomes-basketball-superstar-giannis-antetokounmpo-255x170.jpg 255w, https:\/\/www.joyeriajael.es\/wp-content\/uploads\/2022\/01\/02_breitling-welcomes-basketball-superstar-giannis-antetokounmpo-285x190.jpg 285w, https:\/\/www.joyeriajael.es\/wp-content\/uploads\/2022\/01\/02_breitling-welcomes-basketball-superstar-giannis-antetokounmpo-145x96.jpg 145w\" sizes=\"(max-width: 960px) 100vw, 960px\" \/><\/figure>\n\n\n<figure class=\"wp-block-image size-large\"><img decoding=\"async\" width=\"960\" height=\"640\" data-id=\"43003\" src=\"https:\/\/www.joyeriajael.es\/wp-content\/uploads\/2022\/01\/03_breitling-welcomes-basketball-superstar-giannis-antetokounmpo-960x640.jpg\" alt=\"\" class=\"wp-image-43003\" srcset=\"https:\/\/www.joyeriajael.es\/wp-content\/uploads\/2022\/01\/03_breitling-welcomes-basketball-superstar-giannis-antetokounmpo-960x640.jpg 960w, https:\/\/www.joyeriajael.es\/wp-content\/uploads\/2022\/01\/03_breitling-welcomes-basketball-superstar-giannis-antetokounmpo-scaled-600x400.jpg 600w, https:\/\/www.joyeriajael.es\/wp-content\/uploads\/2022\/01\/03_breitling-welcomes-basketball-superstar-giannis-antetokounmpo-300x200.jpg 300w, https:\/\/www.joyeriajael.es\/wp-content\/uploads\/2022\/01\/03_breitling-welcomes-basketball-superstar-giannis-antetokounmpo-350x233.jpg 350w, https:\/\/www.joyeriajael.es\/wp-content\/uploads\/2022\/01\/03_breitling-welcomes-basketball-superstar-giannis-antetokounmpo-370x247.jpg 370w, https:\/\/www.joyeriajael.es\/wp-content\/uploads\/2022\/01\/03_breitling-welcomes-basketball-superstar-giannis-antetokounmpo-255x170.jpg 255w, https:\/\/www.joyeriajael.es\/wp-content\/uploads\/2022\/01\/03_breitling-welcomes-basketball-superstar-giannis-antetokounmpo-285x190.jpg 285w, https:\/\/www.joyeriajael.es\/wp-content\/uploads\/2022\/01\/03_breitling-welcomes-basketball-superstar-giannis-antetokounmpo-145x97.jpg 145w\" sizes=\"(max-width: 960px) 100vw, 960px\" \/><\/figure><\/figure>\n\n<figure class=\"wp-block-image size-large\"><img decoding=\"async\" width=\"960\" height=\"1443\" src=\"https:\/\/www.joyeriajael.es\/wp-content\/uploads\/2022\/01\/04_breitling-welcomes-basketball-superstar-giannis-antetokounmpo-960x1443.jpg\" alt=\"\" class=\"wp-image-43004\" srcset=\"https:\/\/www.joyeriajael.es\/wp-content\/uploads\/2022\/01\/04_breitling-welcomes-basketball-superstar-giannis-antetokounmpo-960x1443.jpg 960w, https:\/\/www.joyeriajael.es\/wp-content\/uploads\/2022\/01\/04_breitling-welcomes-basketball-superstar-giannis-antetokounmpo-scaled-600x902.jpg 600w, https:\/\/www.joyeriajael.es\/wp-content\/uploads\/2022\/01\/04_breitling-welcomes-basketball-superstar-giannis-antetokounmpo-300x451.jpg 300w, https:\/\/www.joyeriajael.es\/wp-content\/uploads\/2022\/01\/04_breitling-welcomes-basketball-superstar-giannis-antetokounmpo-350x526.jpg 350w, https:\/\/www.joyeriajael.es\/wp-content\/uploads\/2022\/01\/04_breitling-welcomes-basketball-superstar-giannis-antetokounmpo-370x556.jpg 370w, https:\/\/www.joyeriajael.es\/wp-content\/uploads\/2022\/01\/04_breitling-welcomes-basketball-superstar-giannis-antetokounmpo-255x383.jpg 255w, https:\/\/www.joyeriajael.es\/wp-content\/uploads\/2022\/01\/04_breitling-welcomes-basketball-superstar-giannis-antetokounmpo-285x428.jpg 285w, https:\/\/www.joyeriajael.es\/wp-content\/uploads\/2022\/01\/04_breitling-welcomes-basketball-superstar-giannis-antetokounmpo-145x218.jpg 145w\" sizes=\"(max-width: 960px) 100vw, 960px\" \/><\/figure>","protected":false},"excerpt":{"rendered":"<p>Breitling has a new member in its squad: Giannis Antetokounmpo, professional basketball player in the NBA for the&hellip;<\/p>\n","protected":false},"author":4,"featured_media":43001,"comment_status":"closed","ping_status":"open","sticky":false,"template":"","format":"standard","meta":{"_acf_changed":false,"footnotes":""},"categories":[528],"tags":[567,548,536,547],"class_list":["post-43456","post","type-post","status-publish","format-standard","has-post-thumbnail","hentry","category-on-front","tag-breitling-en","tag-coruna-en","tag-jael-joyeria-en","tag-santiago-en"],"acf":[],"yoast_head":"<!-- This site is optimized with the Yoast SEO Premium plugin v27.4 (Yoast SEO v27.4) - https:\/\/yoast.com\/product\/yoast-seo-premium-wordpress\/ -->\n<title>Breitling appoints Giannis Antetokounmpo as ambassador<\/title>\n<meta name=\"robots\" content=\"noindex, follow\" \/>\n<meta property=\"og:locale\" content=\"en_US\" \/>\n<meta property=\"og:type\" content=\"article\" \/>\n<meta property=\"og:title\" content=\"Breitling appoints Giannis Antetokounmpo as ambassador\" \/>\n<meta property=\"og:description\" content=\"Breitling has a new member in its squad: Giannis Antetokounmpo, professional basketball player in the NBA for the&hellip;\" \/>\n<meta property=\"og:url\" content=\"https:\/\/www.joyeriajael.es\/en\/breitling-appoints-giannis-antetokounmpo-as-ambassador\/\" \/>\n<meta property=\"og:site_name\" content=\"Jael Joyer\u00eda\" \/>\n<meta property=\"article:published_time\" content=\"2022-04-01T10:59:52+00:00\" \/>\n<meta property=\"article:modified_time\" content=\"2022-04-03T16:02:49+00:00\" \/>\n<meta property=\"og:image\" content=\"https:\/\/www.joyeriajael.es\/wp-content\/uploads\/2022\/01\/01_breitling-welcomes-basketball-superstar-giannis-antetokounmpo-scaled.jpg\" \/>\n\t<meta property=\"og:image:width\" content=\"3360\" \/>\n\t<meta property=\"og:image:height\" content=\"2236\" \/>\n\t<meta property=\"og:image:type\" content=\"image\/jpeg\" \/>\n<meta name=\"author\" content=\"adrian\" \/>\n<meta name=\"twitter:card\" content=\"summary_large_image\" \/>\n<!-- \/ Yoast SEO Premium plugin. -->","yoast_head_json":{"title":"Breitling appoints Giannis Antetokounmpo as ambassador","robots":{"index":"noindex","follow":"follow"},"og_locale":"en_US","og_type":"article","og_title":"Breitling appoints Giannis Antetokounmpo as ambassador","og_description":"Breitling has a new member in its squad: Giannis Antetokounmpo, professional basketball player in the NBA for the&hellip;","og_url":"https:\/\/www.joyeriajael.es\/en\/breitling-appoints-giannis-antetokounmpo-as-ambassador\/","og_site_name":"Jael Joyer\u00eda","article_published_time":"2022-04-01T10:59:52+00:00","article_modified_time":"2022-04-03T16:02:49+00:00","og_image":[{"width":3360,"height":2236,"url":"https:\/\/www.joyeriajael.es\/wp-content\/uploads\/2022\/01\/01_breitling-welcomes-basketball-superstar-giannis-antetokounmpo-scaled.jpg","type":"image\/jpeg"}],"author":"adrian","twitter_card":"summary_large_image","schema":{"@context":"https:\/\/schema.org","@graph":[{"@type":["Article","BlogPosting"],"@id":"https:\/\/www.joyeriajael.es\/en\/breitling-appoints-giannis-antetokounmpo-as-ambassador\/#article","isPartOf":{"@id":"https:\/\/www.joyeriajael.es\/en\/breitling-appoints-giannis-antetokounmpo-as-ambassador\/"},"author":{"name":"adrian","@id":"https:\/\/www.joyeriajael.es\/en\/#\/schema\/person\/e547999ef3b82be2bc83696803c3d202"},"headline":"Breitling appoints Giannis Antetokounmpo as ambassador","datePublished":"2022-04-01T10:59:52+00:00","dateModified":"2022-04-03T16:02:49+00:00","mainEntityOfPage":{"@id":"https:\/\/www.joyeriajael.es\/en\/breitling-appoints-giannis-antetokounmpo-as-ambassador\/"},"wordCount":354,"publisher":{"@id":"https:\/\/www.joyeriajael.es\/en\/#organization"},"image":{"@id":"https:\/\/www.joyeriajael.es\/en\/breitling-appoints-giannis-antetokounmpo-as-ambassador\/#primaryimage"},"thumbnailUrl":"https:\/\/www.joyeriajael.es\/wp-content\/uploads\/2022\/01\/01_breitling-welcomes-basketball-superstar-giannis-antetokounmpo-scaled.jpg","keywords":["breitling","coru\u00f1a","jael joyeria","santiago"],"articleSection":["On front"],"inLanguage":"en-US"},{"@type":["WebPage","ItemPage"],"@id":"https:\/\/www.joyeriajael.es\/en\/breitling-appoints-giannis-antetokounmpo-as-ambassador\/","url":"https:\/\/www.joyeriajael.es\/en\/breitling-appoints-giannis-antetokounmpo-as-ambassador\/","name":"Breitling appoints Giannis Antetokounmpo as ambassador","isPartOf":{"@id":"https:\/\/www.joyeriajael.es\/en\/#website"},"primaryImageOfPage":{"@id":"https:\/\/www.joyeriajael.es\/en\/breitling-appoints-giannis-antetokounmpo-as-ambassador\/#primaryimage"},"image":{"@id":"https:\/\/www.joyeriajael.es\/en\/breitling-appoints-giannis-antetokounmpo-as-ambassador\/#primaryimage"},"thumbnailUrl":"https:\/\/www.joyeriajael.es\/wp-content\/uploads\/2022\/01\/01_breitling-welcomes-basketball-superstar-giannis-antetokounmpo-scaled.jpg","datePublished":"2022-04-01T10:59:52+00:00","dateModified":"2022-04-03T16:02:49+00:00","breadcrumb":{"@id":"https:\/\/www.joyeriajael.es\/en\/breitling-appoints-giannis-antetokounmpo-as-ambassador\/#breadcrumb"},"inLanguage":"en-US","potentialAction":[{"@type":"ReadAction","target":["https:\/\/www.joyeriajael.es\/en\/breitling-appoints-giannis-antetokounmpo-as-ambassador\/"]}]},{"@type":"ImageObject","inLanguage":"en-US","@id":"https:\/\/www.joyeriajael.es\/en\/breitling-appoints-giannis-antetokounmpo-as-ambassador\/#primaryimage","url":"https:\/\/www.joyeriajael.es\/wp-content\/uploads\/2022\/01\/01_breitling-welcomes-basketball-superstar-giannis-antetokounmpo-scaled.jpg","contentUrl":"https:\/\/www.joyeriajael.es\/wp-content\/uploads\/2022\/01\/01_breitling-welcomes-basketball-superstar-giannis-antetokounmpo-scaled.jpg","width":3360,"height":2236},{"@type":"BreadcrumbList","@id":"https:\/\/www.joyeriajael.es\/en\/breitling-appoints-giannis-antetokounmpo-as-ambassador\/#breadcrumb","itemListElement":[{"@type":"ListItem","position":1,"name":"Portada","item":"https:\/\/www.joyeriajael.es\/en\/"},{"@type":"ListItem","position":2,"name":"Breitling appoints Giannis Antetokounmpo as ambassador"}]},{"@type":"WebSite","@id":"https:\/\/www.joyeriajael.es\/en\/#website","url":"https:\/\/www.joyeriajael.es\/en\/","name":"Jael Joyer\u00eda","description":"Jael Joyer\u00eda en Santiago de Compostela y A Coru\u00f1a. Primeras marcas, firmas exclusivas, \u00fanico concesionario autorizado de Rolex en la provincia de A Coru\u00f1a.","publisher":{"@id":"https:\/\/www.joyeriajael.es\/en\/#organization"},"alternateName":"Jael","potentialAction":[{"@type":"SearchAction","target":{"@type":"EntryPoint","urlTemplate":"https:\/\/www.joyeriajael.es\/en\/?s={search_term_string}"},"query-input":{"@type":"PropertyValueSpecification","valueRequired":true,"valueName":"search_term_string"}}],"inLanguage":"en-US"},{"@type":"Organization","@id":"https:\/\/www.joyeriajael.es\/en\/#organization","name":"Jael","alternateName":"Jael joyer\u00eda","url":"https:\/\/www.joyeriajael.es\/en\/","logo":{"@type":"ImageObject","inLanguage":"en-US","@id":"https:\/\/www.joyeriajael.es\/en\/#\/schema\/logo\/image\/","url":"https:\/\/www.joyeriajael.es\/wp-content\/uploads\/2024\/07\/cropped-favicon-1.png","contentUrl":"https:\/\/www.joyeriajael.es\/wp-content\/uploads\/2024\/07\/cropped-favicon-1.png","width":512,"height":512,"caption":"Jael"},"image":{"@id":"https:\/\/www.joyeriajael.es\/en\/#\/schema\/logo\/image\/"}},{"@type":"Person","@id":"https:\/\/www.joyeriajael.es\/en\/#\/schema\/person\/e547999ef3b82be2bc83696803c3d202","name":"adrian","image":{"@type":"ImageObject","inLanguage":"en-US","@id":"https:\/\/secure.gravatar.com\/avatar\/b7bbc357b35e4bc4cbe22f092819ab77abe8ae90f3478b1d30468ba8a75aedb7?s=96&d=mm&r=g","url":"https:\/\/secure.gravatar.com\/avatar\/b7bbc357b35e4bc4cbe22f092819ab77abe8ae90f3478b1d30468ba8a75aedb7?s=96&d=mm&r=g","contentUrl":"https:\/\/secure.gravatar.com\/avatar\/b7bbc357b35e4bc4cbe22f092819ab77abe8ae90f3478b1d30468ba8a75aedb7?s=96&d=mm&r=g","caption":"adrian"}}]}},"_links":{"self":[{"href":"https:\/\/www.joyeriajael.es\/en\/wp-json\/wp\/v2\/posts\/43456","targetHints":{"allow":["GET"]}}],"collection":[{"href":"https:\/\/www.joyeriajael.es\/en\/wp-json\/wp\/v2\/posts"}],"about":[{"href":"https:\/\/www.joyeriajael.es\/en\/wp-json\/wp\/v2\/types\/post"}],"author":[{"embeddable":true,"href":"https:\/\/www.joyeriajael.es\/en\/wp-json\/wp\/v2\/users\/4"}],"replies":[{"embeddable":true,"href":"https:\/\/www.joyeriajael.es\/en\/wp-json\/wp\/v2\/comments?post=43456"}],"version-history":[{"count":2,"href":"https:\/\/www.joyeriajael.es\/en\/wp-json\/wp\/v2\/posts\/43456\/revisions"}],"predecessor-version":[{"id":43618,"href":"https:\/\/www.joyeriajael.es\/en\/wp-json\/wp\/v2\/posts\/43456\/revisions\/43618"}],"wp:featuredmedia":[{"embeddable":true,"href":"https:\/\/www.joyeriajael.es\/en\/wp-json\/wp\/v2\/media\/43001"}],"wp:attachment":[{"href":"https:\/\/www.joyeriajael.es\/en\/wp-json\/wp\/v2\/media?parent=43456"}],"wp:term":[{"taxonomy":"category","embeddable":true,"href":"https:\/\/www.joyeriajael.es\/en\/wp-json\/wp\/v2\/categories?post=43456"},{"taxonomy":"post_tag","embeddable":true,"href":"https:\/\/www.joyeriajael.es\/en\/wp-json\/wp\/v2\/tags?post=43456"}],"curies":[{"name":"wp","href":"https:\/\/api.w.org\/{rel}","templated":true}]}}