{"id":43469,"date":"2022-04-01T13:38:00","date_gmt":"2022-04-01T11:38:00","guid":{"rendered":"https:\/\/www.joyeriajael.es\/new-edition-of-the-jael-golf-cup-at-the-real-aeroclub\/"},"modified":"2023-09-21T10:27:23","modified_gmt":"2023-09-21T08:27:23","slug":"new-edition-of-the-jael-golf-cup-at-the-real-aeroclub","status":"publish","type":"post","link":"https:\/\/www.joyeriajael.es\/en\/new-edition-of-the-jael-golf-cup-at-the-real-aeroclub\/","title":{"rendered":"New edition of the Jael Golf Cup at the Real Aeroclub"},"content":{"rendered":"<p>The field of the <a href=\"https:\/\/www.aerosantiago.es\" target=\"_blank\" rel=\"noopener\">Real Aeroclub de Santiago<\/a> in Ames hosts during the weekend one of the most traditional events in Compostela golf: the <strong>Jael Cup<\/strong> , in which the members of the Santiago club compete. With categories for adults and young golfers, it takes place between Friday the 11th and Sunday the 13th.<!--more--><br \/>\n<strong>Registration is now open<\/strong> and can be done by calling 981 888 276 or email <a href=\"mailto:recepcion@aerosantiago.es\" target=\"_blank\" rel=\"noopener\">recepcion@aerosantiago.es<\/a> until Friday at 2:00 p.m.<br \/>\nThe Club&#8217;s individual championship will be held on two days, on Friday the 11th (or Saturday the 12th) and on Sunday the 13th of June. The game formula will be 36 holes <em>scratch medal play<\/em> . Club players with a handicap may take part. On Friday or Saturday you can choose time and departure when registering. On Sunday, the race will start in the reverse order of the <em>scratch<\/em> classification of the first day starting at 08:30.<br \/>\nThe Children&#8217;s Club Championship will be held on Saturday the 12th between girls and boys who are members of the club with a federative license. There will be an 18-hole category for juveniles onwards with a national handicap equal to or less than 36; 9 holes for youngsters with or without a handicap, and youngsters onwards with a handicap greater than 36.1 or without a handicap; and 5 holes for pre-youngest players (sub 8), without handicap.<br \/>\n<a href=\"https:\/\/www.joyeriajael.es\/wp-content\/uploads\/2021\/12\/nueva-noticia_cartel_1154.jpg\"><img fetchpriority=\"high\" decoding=\"async\" class=\"aligncenter wp-image-30707 size-full\" src=\"https:\/\/www.joyeriajael.es\/wp-content\/uploads\/2021\/12\/nueva-noticia_cartel_1154.jpg\" alt=\"\" width=\"849\" height=\"1200\" \/><\/a><\/p>\n","protected":false},"excerpt":{"rendered":"<p>The field of the Real Aeroclub de Santiago in Ames hosts during the weekend one of the most&hellip;<\/p>\n","protected":false},"author":4,"featured_media":41572,"comment_status":"closed","ping_status":"open","sticky":false,"template":"","format":"standard","meta":{"_acf_changed":false,"footnotes":""},"categories":[529,528],"tags":[],"class_list":["post-43469","post","type-post","status-publish","format-standard","has-post-thumbnail","hentry","category-events","category-on-front"],"acf":[],"yoast_head":"<!-- This site is optimized with the Yoast SEO Premium plugin v27.4 (Yoast SEO v27.4) - https:\/\/yoast.com\/product\/yoast-seo-premium-wordpress\/ -->\n<title>New edition of the Jael Golf Cup at the Real Aeroclub | Jael<\/title>\n<meta name=\"description\" content=\"The Real Aeroclub de Santiago in Ames hosts during the weekend one of the most traditional events in Compostela golf: the Jael Cup\" \/>\n<meta name=\"robots\" content=\"index, follow, max-snippet:-1, max-image-preview:large, max-video-preview:-1\" \/>\n<link rel=\"canonical\" href=\"https:\/\/www.joyeriajael.es\/en\/new-edition-of-the-jael-golf-cup-at-the-real-aeroclub\/\" \/>\n<meta property=\"og:locale\" content=\"en_US\" \/>\n<meta property=\"og:type\" content=\"article\" \/>\n<meta property=\"og:title\" content=\"New edition of the Jael Golf Cup at the Real Aeroclub\" \/>\n<meta property=\"og:description\" content=\"The Real Aeroclub de Santiago in Ames hosts during the weekend one of the most traditional events in Compostela golf: the Jael Cup\" \/>\n<meta property=\"og:url\" content=\"https:\/\/www.joyeriajael.es\/en\/new-edition-of-the-jael-golf-cup-at-the-real-aeroclub\/\" \/>\n<meta property=\"og:site_name\" content=\"Jael Joyer\u00eda\" \/>\n<meta property=\"article:published_time\" content=\"2022-04-01T11:38:00+00:00\" \/>\n<meta property=\"article:modified_time\" content=\"2023-09-21T08:27:23+00:00\" \/>\n<meta property=\"og:image\" content=\"https:\/\/www.joyeriajael.es\/wp-content\/uploads\/2020\/07\/COPA-JAEL-GOLF-REAL-AEROCLUB-DE-SANTIAGO-DES.jpg\" \/>\n\t<meta property=\"og:image:width\" content=\"1920\" \/>\n\t<meta property=\"og:image:height\" content=\"698\" \/>\n\t<meta property=\"og:image:type\" content=\"image\/jpeg\" \/>\n<meta name=\"author\" content=\"adrian\" \/>\n<meta name=\"twitter:card\" content=\"summary_large_image\" \/>\n<!-- \/ Yoast SEO Premium plugin. -->","yoast_head_json":{"title":"New edition of the Jael Golf Cup at the Real Aeroclub | Jael","description":"The Real Aeroclub de Santiago in Ames hosts during the weekend one of the most traditional events in Compostela golf: the Jael Cup","robots":{"index":"index","follow":"follow","max-snippet":"max-snippet:-1","max-image-preview":"max-image-preview:large","max-video-preview":"max-video-preview:-1"},"canonical":"https:\/\/www.joyeriajael.es\/en\/new-edition-of-the-jael-golf-cup-at-the-real-aeroclub\/","og_locale":"en_US","og_type":"article","og_title":"New edition of the Jael Golf Cup at the Real Aeroclub","og_description":"The Real Aeroclub de Santiago in Ames hosts during the weekend one of the most traditional events in Compostela golf: the Jael Cup","og_url":"https:\/\/www.joyeriajael.es\/en\/new-edition-of-the-jael-golf-cup-at-the-real-aeroclub\/","og_site_name":"Jael Joyer\u00eda","article_published_time":"2022-04-01T11:38:00+00:00","article_modified_time":"2023-09-21T08:27:23+00:00","og_image":[{"width":1920,"height":698,"url":"https:\/\/www.joyeriajael.es\/wp-content\/uploads\/2020\/07\/COPA-JAEL-GOLF-REAL-AEROCLUB-DE-SANTIAGO-DES.jpg","type":"image\/jpeg"}],"author":"adrian","twitter_card":"summary_large_image","schema":{"@context":"https:\/\/schema.org","@graph":[{"@type":["Article","BlogPosting"],"@id":"https:\/\/www.joyeriajael.es\/en\/new-edition-of-the-jael-golf-cup-at-the-real-aeroclub\/#article","isPartOf":{"@id":"https:\/\/www.joyeriajael.es\/en\/new-edition-of-the-jael-golf-cup-at-the-real-aeroclub\/"},"author":{"name":"adrian","@id":"https:\/\/www.joyeriajael.es\/en\/#\/schema\/person\/e547999ef3b82be2bc83696803c3d202"},"headline":"New edition of the Jael Golf Cup at the Real Aeroclub","datePublished":"2022-04-01T11:38:00+00:00","dateModified":"2023-09-21T08:27:23+00:00","mainEntityOfPage":{"@id":"https:\/\/www.joyeriajael.es\/en\/new-edition-of-the-jael-golf-cup-at-the-real-aeroclub\/"},"wordCount":231,"publisher":{"@id":"https:\/\/www.joyeriajael.es\/en\/#organization"},"image":{"@id":"https:\/\/www.joyeriajael.es\/en\/new-edition-of-the-jael-golf-cup-at-the-real-aeroclub\/#primaryimage"},"thumbnailUrl":"https:\/\/www.joyeriajael.es\/wp-content\/uploads\/2020\/07\/COPA-JAEL-GOLF-REAL-AEROCLUB-DE-SANTIAGO-DES.jpg","articleSection":["Events","On front"],"inLanguage":"en-US"},{"@type":["WebPage","ItemPage"],"@id":"https:\/\/www.joyeriajael.es\/en\/new-edition-of-the-jael-golf-cup-at-the-real-aeroclub\/","url":"https:\/\/www.joyeriajael.es\/en\/new-edition-of-the-jael-golf-cup-at-the-real-aeroclub\/","name":"New edition of the Jael Golf Cup at the Real Aeroclub | Jael","isPartOf":{"@id":"https:\/\/www.joyeriajael.es\/en\/#website"},"primaryImageOfPage":{"@id":"https:\/\/www.joyeriajael.es\/en\/new-edition-of-the-jael-golf-cup-at-the-real-aeroclub\/#primaryimage"},"image":{"@id":"https:\/\/www.joyeriajael.es\/en\/new-edition-of-the-jael-golf-cup-at-the-real-aeroclub\/#primaryimage"},"thumbnailUrl":"https:\/\/www.joyeriajael.es\/wp-content\/uploads\/2020\/07\/COPA-JAEL-GOLF-REAL-AEROCLUB-DE-SANTIAGO-DES.jpg","datePublished":"2022-04-01T11:38:00+00:00","dateModified":"2023-09-21T08:27:23+00:00","description":"The Real Aeroclub de Santiago in Ames hosts during the weekend one of the most traditional events in Compostela golf: the Jael Cup","breadcrumb":{"@id":"https:\/\/www.joyeriajael.es\/en\/new-edition-of-the-jael-golf-cup-at-the-real-aeroclub\/#breadcrumb"},"inLanguage":"en-US","potentialAction":[{"@type":"ReadAction","target":["https:\/\/www.joyeriajael.es\/en\/new-edition-of-the-jael-golf-cup-at-the-real-aeroclub\/"]}]},{"@type":"ImageObject","inLanguage":"en-US","@id":"https:\/\/www.joyeriajael.es\/en\/new-edition-of-the-jael-golf-cup-at-the-real-aeroclub\/#primaryimage","url":"https:\/\/www.joyeriajael.es\/wp-content\/uploads\/2020\/07\/COPA-JAEL-GOLF-REAL-AEROCLUB-DE-SANTIAGO-DES.jpg","contentUrl":"https:\/\/www.joyeriajael.es\/wp-content\/uploads\/2020\/07\/COPA-JAEL-GOLF-REAL-AEROCLUB-DE-SANTIAGO-DES.jpg","width":1920,"height":698},{"@type":"BreadcrumbList","@id":"https:\/\/www.joyeriajael.es\/en\/new-edition-of-the-jael-golf-cup-at-the-real-aeroclub\/#breadcrumb","itemListElement":[{"@type":"ListItem","position":1,"name":"Portada","item":"https:\/\/www.joyeriajael.es\/en\/"},{"@type":"ListItem","position":2,"name":"New edition of the Jael Golf Cup at the Real Aeroclub"}]},{"@type":"WebSite","@id":"https:\/\/www.joyeriajael.es\/en\/#website","url":"https:\/\/www.joyeriajael.es\/en\/","name":"Jael Joyer\u00eda","description":"Jael Joyer\u00eda en Santiago de Compostela y A Coru\u00f1a. Primeras marcas, firmas exclusivas, \u00fanico concesionario autorizado de Rolex en la provincia de A Coru\u00f1a.","publisher":{"@id":"https:\/\/www.joyeriajael.es\/en\/#organization"},"alternateName":"Jael","potentialAction":[{"@type":"SearchAction","target":{"@type":"EntryPoint","urlTemplate":"https:\/\/www.joyeriajael.es\/en\/?s={search_term_string}"},"query-input":{"@type":"PropertyValueSpecification","valueRequired":true,"valueName":"search_term_string"}}],"inLanguage":"en-US"},{"@type":"Organization","@id":"https:\/\/www.joyeriajael.es\/en\/#organization","name":"Jael","alternateName":"Jael joyer\u00eda","url":"https:\/\/www.joyeriajael.es\/en\/","logo":{"@type":"ImageObject","inLanguage":"en-US","@id":"https:\/\/www.joyeriajael.es\/en\/#\/schema\/logo\/image\/","url":"https:\/\/www.joyeriajael.es\/wp-content\/uploads\/2024\/07\/cropped-favicon-1.png","contentUrl":"https:\/\/www.joyeriajael.es\/wp-content\/uploads\/2024\/07\/cropped-favicon-1.png","width":512,"height":512,"caption":"Jael"},"image":{"@id":"https:\/\/www.joyeriajael.es\/en\/#\/schema\/logo\/image\/"}},{"@type":"Person","@id":"https:\/\/www.joyeriajael.es\/en\/#\/schema\/person\/e547999ef3b82be2bc83696803c3d202","name":"adrian","image":{"@type":"ImageObject","inLanguage":"en-US","@id":"https:\/\/secure.gravatar.com\/avatar\/b7bbc357b35e4bc4cbe22f092819ab77abe8ae90f3478b1d30468ba8a75aedb7?s=96&d=mm&r=g","url":"https:\/\/secure.gravatar.com\/avatar\/b7bbc357b35e4bc4cbe22f092819ab77abe8ae90f3478b1d30468ba8a75aedb7?s=96&d=mm&r=g","contentUrl":"https:\/\/secure.gravatar.com\/avatar\/b7bbc357b35e4bc4cbe22f092819ab77abe8ae90f3478b1d30468ba8a75aedb7?s=96&d=mm&r=g","caption":"adrian"}}]}},"_links":{"self":[{"href":"https:\/\/www.joyeriajael.es\/en\/wp-json\/wp\/v2\/posts\/43469","targetHints":{"allow":["GET"]}}],"collection":[{"href":"https:\/\/www.joyeriajael.es\/en\/wp-json\/wp\/v2\/posts"}],"about":[{"href":"https:\/\/www.joyeriajael.es\/en\/wp-json\/wp\/v2\/types\/post"}],"author":[{"embeddable":true,"href":"https:\/\/www.joyeriajael.es\/en\/wp-json\/wp\/v2\/users\/4"}],"replies":[{"embeddable":true,"href":"https:\/\/www.joyeriajael.es\/en\/wp-json\/wp\/v2\/comments?post=43469"}],"version-history":[{"count":1,"href":"https:\/\/www.joyeriajael.es\/en\/wp-json\/wp\/v2\/posts\/43469\/revisions"}],"predecessor-version":[{"id":65806,"href":"https:\/\/www.joyeriajael.es\/en\/wp-json\/wp\/v2\/posts\/43469\/revisions\/65806"}],"wp:featuredmedia":[{"embeddable":true,"href":"https:\/\/www.joyeriajael.es\/en\/wp-json\/wp\/v2\/media\/41572"}],"wp:attachment":[{"href":"https:\/\/www.joyeriajael.es\/en\/wp-json\/wp\/v2\/media?parent=43469"}],"wp:term":[{"taxonomy":"category","embeddable":true,"href":"https:\/\/www.joyeriajael.es\/en\/wp-json\/wp\/v2\/categories?post=43469"},{"taxonomy":"post_tag","embeddable":true,"href":"https:\/\/www.joyeriajael.es\/en\/wp-json\/wp\/v2\/tags?post=43469"}],"curies":[{"name":"wp","href":"https:\/\/api.w.org\/{rel}","templated":true}]}}