{"id":43473,"date":"2022-04-01T13:38:01","date_gmt":"2022-04-01T11:38:01","guid":{"rendered":"https:\/\/www.joyeriajael.es\/tomy-curras-and-eva-alvarez-win-the-wooden-and-silver-racket-trophy-jael-jewelry\/"},"modified":"2023-06-21T16:12:26","modified_gmt":"2023-06-21T14:12:26","slug":"tomy-curras-and-eva-alvarez-win-the-wooden-and-silver-racket-trophy-jael-jewelry","status":"publish","type":"post","link":"https:\/\/www.joyeriajael.es\/en\/tomy-curras-and-eva-alvarez-win-the-wooden-and-silver-racket-trophy-jael-jewelry\/","title":{"rendered":"Tomy Curr\u00e1s and Eva \u00c1lvarez win the Wooden and Silver Racket Trophy"},"content":{"rendered":"<p>Intense weekend of sports and emotions at the facilities of the Real Club de Tenis Coru\u00f1a with the first edition of a tournament with a vocation for the future.<!--more--><br \/>\nTomy Curr\u00e1s and Eva \u00c1lvarez were the winners in the absolute categories of <strong>the <a href=\"https:\/\/www.joyeriajael.es\/en\/\">Jael Jewelry<\/a> Wooden and Silver Racket Trophy,<\/strong> which celebrated its first edition by distributing 3,000 euros in prizes. Curr\u00e1s was superior in the final of the men&#8217;s category, winning 6\/3 and 6\/2 over Iago \u00c1lvarez. There was more equality in the decisive match of the women&#8217;s draw, in which Eva \u00c1lvarez was the winner with a score of 6\/4 and 7\/6 over Ainara Vegal.<br \/>\nIn veterans +45 Eduardo Serrano took the championship when his rival, Francisco Javier Rodr\u00edguez, retired, when the match was going 7\/5 and 2\/1. In veterans +55, Alfonso Chico won 6\/4 and 6\/4 against Seraf\u00edn Afonso. In veterans +60 Bruno Otero was the best, beating Jos\u00e9 Deus 6\/1 and 7\/5, while in mixed open Bello Dom\u00ednguez beat Francisco Ram\u00edrez (6\/0 and 6\/0). In fingerlings, the winners were Jacobo G\u00f3mez and Noa Pena; in benjamines, the best were Leo S\u00e1nchez and Lenda V\u00e1zquez. The winner of the cadet category was Alejandro Vizoso and in junior, Ian Rodr\u00edguez.<\/p>\n<div id='gallery-1' class='gallery galleryid-43473 gallery-columns-5 gallery-size-thumbnail'><figure class='gallery-item'>\n\t\t\t<div class='gallery-icon portrait'>\n\t\t\t\t<a href='https:\/\/www.joyeriajael.es\/en\/tomy-curras-and-eva-alvarez-win-the-wooden-and-silver-racket-trophy-jael-jewelry\/242325370_4416661398414859_2378889161294798797_n-3\/'><img decoding=\"async\" width=\"100\" height=\"100\" src=\"https:\/\/www.joyeriajael.es\/wp-content\/uploads\/2021\/09\/242325370_4416661398414859_2378889161294798797_n-100x100.jpg\" class=\"attachment-thumbnail size-thumbnail\" alt=\"\" srcset=\"https:\/\/www.joyeriajael.es\/wp-content\/uploads\/2021\/09\/242325370_4416661398414859_2378889161294798797_n-100x100.jpg 100w, https:\/\/www.joyeriajael.es\/wp-content\/uploads\/2021\/09\/242325370_4416661398414859_2378889161294798797_n-300x300.jpg 300w, https:\/\/www.joyeriajael.es\/wp-content\/uploads\/2021\/09\/242325370_4416661398414859_2378889161294798797_n-155x155.jpg 155w, https:\/\/www.joyeriajael.es\/wp-content\/uploads\/2021\/09\/242325370_4416661398414859_2378889161294798797_n-200x200.jpg 200w\" sizes=\"(max-width: 100px) 100vw, 100px\" \/><\/a>\n\t\t\t<\/div><\/figure><figure class='gallery-item'>\n\t\t\t<div class='gallery-icon landscape'>\n\t\t\t\t<a href='https:\/\/www.joyeriajael.es\/en\/tomy-curras-and-eva-alvarez-win-the-wooden-and-silver-racket-trophy-jael-jewelry\/trofeo-jael-1-2\/'><img decoding=\"async\" width=\"100\" height=\"100\" src=\"https:\/\/www.joyeriajael.es\/wp-content\/uploads\/2021\/09\/TROFEO-JAEL-1-100x100.jpg\" class=\"attachment-thumbnail size-thumbnail\" alt=\"\" srcset=\"https:\/\/www.joyeriajael.es\/wp-content\/uploads\/2021\/09\/TROFEO-JAEL-1-100x100.jpg 100w, https:\/\/www.joyeriajael.es\/wp-content\/uploads\/2021\/09\/TROFEO-JAEL-1-300x300.jpg 300w, https:\/\/www.joyeriajael.es\/wp-content\/uploads\/2021\/09\/TROFEO-JAEL-1-155x155.jpg 155w, https:\/\/www.joyeriajael.es\/wp-content\/uploads\/2021\/09\/TROFEO-JAEL-1-200x200.jpg 200w\" sizes=\"(max-width: 100px) 100vw, 100px\" \/><\/a>\n\t\t\t<\/div><\/figure><figure class='gallery-item'>\n\t\t\t<div class='gallery-icon landscape'>\n\t\t\t\t<a href='https:\/\/www.joyeriajael.es\/en\/tomy-curras-and-eva-alvarez-win-the-wooden-and-silver-racket-trophy-jael-jewelry\/img_0970-1-scaled-2-2\/'><img decoding=\"async\" width=\"100\" height=\"100\" src=\"https:\/\/www.joyeriajael.es\/wp-content\/uploads\/2021\/09\/IMG_0970-1-scaled-1-100x100.png\" class=\"attachment-thumbnail size-thumbnail\" alt=\"\" srcset=\"https:\/\/www.joyeriajael.es\/wp-content\/uploads\/2021\/09\/IMG_0970-1-scaled-1-100x100.png 100w, https:\/\/www.joyeriajael.es\/wp-content\/uploads\/2021\/09\/IMG_0970-1-scaled-1-300x300.png 300w, https:\/\/www.joyeriajael.es\/wp-content\/uploads\/2021\/09\/IMG_0970-1-scaled-1-155x155.png 155w, https:\/\/www.joyeriajael.es\/wp-content\/uploads\/2021\/09\/IMG_0970-1-scaled-1-200x200.png 200w\" sizes=\"(max-width: 100px) 100vw, 100px\" \/><\/a>\n\t\t\t<\/div><\/figure><figure class='gallery-item'>\n\t\t\t<div class='gallery-icon landscape'>\n\t\t\t\t<a href='https:\/\/www.joyeriajael.es\/en\/tomy-curras-and-eva-alvarez-win-the-wooden-and-silver-racket-trophy-jael-jewelry\/img_0978-scaled-2-2\/'><img loading=\"lazy\" decoding=\"async\" width=\"100\" height=\"100\" src=\"https:\/\/www.joyeriajael.es\/wp-content\/uploads\/2021\/09\/IMG_0978-scaled-1-100x100.png\" class=\"attachment-thumbnail size-thumbnail\" alt=\"\" srcset=\"https:\/\/www.joyeriajael.es\/wp-content\/uploads\/2021\/09\/IMG_0978-scaled-1-100x100.png 100w, https:\/\/www.joyeriajael.es\/wp-content\/uploads\/2021\/09\/IMG_0978-scaled-1-300x300.png 300w, https:\/\/www.joyeriajael.es\/wp-content\/uploads\/2021\/09\/IMG_0978-scaled-1-155x155.png 155w, https:\/\/www.joyeriajael.es\/wp-content\/uploads\/2021\/09\/IMG_0978-scaled-1-200x200.png 200w\" sizes=\"(max-width: 100px) 100vw, 100px\" \/><\/a>\n\t\t\t<\/div><\/figure><figure class='gallery-item'>\n\t\t\t<div class='gallery-icon landscape'>\n\t\t\t\t<a href='https:\/\/www.joyeriajael.es\/en\/tomy-curras-and-eva-alvarez-win-the-wooden-and-silver-racket-trophy-jael-jewelry\/img_1091-1-scaled-2-2\/'><img loading=\"lazy\" decoding=\"async\" width=\"100\" height=\"100\" src=\"https:\/\/www.joyeriajael.es\/wp-content\/uploads\/2021\/09\/IMG_1091-1-scaled-1-100x100.png\" class=\"attachment-thumbnail size-thumbnail\" alt=\"\" srcset=\"https:\/\/www.joyeriajael.es\/wp-content\/uploads\/2021\/09\/IMG_1091-1-scaled-1-100x100.png 100w, https:\/\/www.joyeriajael.es\/wp-content\/uploads\/2021\/09\/IMG_1091-1-scaled-1-300x300.png 300w, https:\/\/www.joyeriajael.es\/wp-content\/uploads\/2021\/09\/IMG_1091-1-scaled-1-155x155.png 155w, https:\/\/www.joyeriajael.es\/wp-content\/uploads\/2021\/09\/IMG_1091-1-scaled-1-200x200.png 200w\" sizes=\"(max-width: 100px) 100vw, 100px\" \/><\/a>\n\t\t\t<\/div><\/figure><figure class='gallery-item'>\n\t\t\t<div class='gallery-icon landscape'>\n\t\t\t\t<a href='https:\/\/www.joyeriajael.es\/en\/tomy-curras-and-eva-alvarez-win-the-wooden-and-silver-racket-trophy-jael-jewelry\/mg_0924-scaled-2-2\/'><img loading=\"lazy\" decoding=\"async\" width=\"100\" height=\"100\" src=\"https:\/\/www.joyeriajael.es\/wp-content\/uploads\/2021\/09\/MG_0924-scaled-1-100x100.png\" class=\"attachment-thumbnail size-thumbnail\" alt=\"\" srcset=\"https:\/\/www.joyeriajael.es\/wp-content\/uploads\/2021\/09\/MG_0924-scaled-1-100x100.png 100w, https:\/\/www.joyeriajael.es\/wp-content\/uploads\/2021\/09\/MG_0924-scaled-1-300x300.png 300w, https:\/\/www.joyeriajael.es\/wp-content\/uploads\/2021\/09\/MG_0924-scaled-1-155x155.png 155w, https:\/\/www.joyeriajael.es\/wp-content\/uploads\/2021\/09\/MG_0924-scaled-1-200x200.png 200w\" sizes=\"(max-width: 100px) 100vw, 100px\" \/><\/a>\n\t\t\t<\/div><\/figure><figure class='gallery-item'>\n\t\t\t<div class='gallery-icon landscape'>\n\t\t\t\t<a href='https:\/\/www.joyeriajael.es\/en\/tomy-curras-and-eva-alvarez-win-the-wooden-and-silver-racket-trophy-jael-jewelry\/mg_0931-scaled-2-2\/'><img loading=\"lazy\" decoding=\"async\" width=\"100\" height=\"100\" src=\"https:\/\/www.joyeriajael.es\/wp-content\/uploads\/2021\/09\/MG_0931-scaled-1-100x100.png\" class=\"attachment-thumbnail size-thumbnail\" alt=\"\" srcset=\"https:\/\/www.joyeriajael.es\/wp-content\/uploads\/2021\/09\/MG_0931-scaled-1-100x100.png 100w, https:\/\/www.joyeriajael.es\/wp-content\/uploads\/2021\/09\/MG_0931-scaled-1-300x300.png 300w, https:\/\/www.joyeriajael.es\/wp-content\/uploads\/2021\/09\/MG_0931-scaled-1-155x155.png 155w, https:\/\/www.joyeriajael.es\/wp-content\/uploads\/2021\/09\/MG_0931-scaled-1-200x200.png 200w\" sizes=\"(max-width: 100px) 100vw, 100px\" \/><\/a>\n\t\t\t<\/div><\/figure><figure class='gallery-item'>\n\t\t\t<div class='gallery-icon landscape'>\n\t\t\t\t<a href='https:\/\/www.joyeriajael.es\/en\/tomy-curras-and-eva-alvarez-win-the-wooden-and-silver-racket-trophy-jael-jewelry\/mg_0934-scaled-2-2\/'><img loading=\"lazy\" decoding=\"async\" width=\"100\" height=\"100\" src=\"https:\/\/www.joyeriajael.es\/wp-content\/uploads\/2021\/09\/MG_0934-scaled-1-100x100.png\" class=\"attachment-thumbnail size-thumbnail\" alt=\"\" srcset=\"https:\/\/www.joyeriajael.es\/wp-content\/uploads\/2021\/09\/MG_0934-scaled-1-100x100.png 100w, https:\/\/www.joyeriajael.es\/wp-content\/uploads\/2021\/09\/MG_0934-scaled-1-300x300.png 300w, https:\/\/www.joyeriajael.es\/wp-content\/uploads\/2021\/09\/MG_0934-scaled-1-155x155.png 155w, https:\/\/www.joyeriajael.es\/wp-content\/uploads\/2021\/09\/MG_0934-scaled-1-200x200.png 200w\" sizes=\"(max-width: 100px) 100vw, 100px\" \/><\/a>\n\t\t\t<\/div><\/figure><figure class='gallery-item'>\n\t\t\t<div class='gallery-icon landscape'>\n\t\t\t\t<a href='https:\/\/www.joyeriajael.es\/en\/tomy-curras-and-eva-alvarez-win-the-wooden-and-silver-racket-trophy-jael-jewelry\/mg_0937-2-scaled-2-2\/'><img loading=\"lazy\" decoding=\"async\" width=\"100\" height=\"100\" src=\"https:\/\/www.joyeriajael.es\/wp-content\/uploads\/2021\/09\/MG_0937-2-scaled-1-100x100.png\" class=\"attachment-thumbnail size-thumbnail\" alt=\"\" srcset=\"https:\/\/www.joyeriajael.es\/wp-content\/uploads\/2021\/09\/MG_0937-2-scaled-1-100x100.png 100w, https:\/\/www.joyeriajael.es\/wp-content\/uploads\/2021\/09\/MG_0937-2-scaled-1-300x300.png 300w, https:\/\/www.joyeriajael.es\/wp-content\/uploads\/2021\/09\/MG_0937-2-scaled-1-155x155.png 155w, https:\/\/www.joyeriajael.es\/wp-content\/uploads\/2021\/09\/MG_0937-2-scaled-1-200x200.png 200w\" sizes=\"(max-width: 100px) 100vw, 100px\" \/><\/a>\n\t\t\t<\/div><\/figure><figure class='gallery-item'>\n\t\t\t<div class='gallery-icon landscape'>\n\t\t\t\t<a href='https:\/\/www.joyeriajael.es\/en\/tomy-curras-and-eva-alvarez-win-the-wooden-and-silver-racket-trophy-jael-jewelry\/mg_0940-scaled-2-2\/'><img loading=\"lazy\" decoding=\"async\" width=\"100\" height=\"100\" src=\"https:\/\/www.joyeriajael.es\/wp-content\/uploads\/2021\/09\/MG_0940-scaled-1-100x100.png\" class=\"attachment-thumbnail size-thumbnail\" alt=\"\" srcset=\"https:\/\/www.joyeriajael.es\/wp-content\/uploads\/2021\/09\/MG_0940-scaled-1-100x100.png 100w, https:\/\/www.joyeriajael.es\/wp-content\/uploads\/2021\/09\/MG_0940-scaled-1-300x300.png 300w, https:\/\/www.joyeriajael.es\/wp-content\/uploads\/2021\/09\/MG_0940-scaled-1-155x155.png 155w, https:\/\/www.joyeriajael.es\/wp-content\/uploads\/2021\/09\/MG_0940-scaled-1-200x200.png 200w\" sizes=\"(max-width: 100px) 100vw, 100px\" \/><\/a>\n\t\t\t<\/div><\/figure><figure class='gallery-item'>\n\t\t\t<div class='gallery-icon landscape'>\n\t\t\t\t<a href='https:\/\/www.joyeriajael.es\/en\/tomy-curras-and-eva-alvarez-win-the-wooden-and-silver-racket-trophy-jael-jewelry\/mg_0941-2-scaled-2-2\/'><img loading=\"lazy\" decoding=\"async\" width=\"100\" height=\"100\" src=\"https:\/\/www.joyeriajael.es\/wp-content\/uploads\/2021\/09\/MG_0941-2-scaled-1-100x100.png\" class=\"attachment-thumbnail size-thumbnail\" alt=\"\" srcset=\"https:\/\/www.joyeriajael.es\/wp-content\/uploads\/2021\/09\/MG_0941-2-scaled-1-100x100.png 100w, https:\/\/www.joyeriajael.es\/wp-content\/uploads\/2021\/09\/MG_0941-2-scaled-1-300x300.png 300w, https:\/\/www.joyeriajael.es\/wp-content\/uploads\/2021\/09\/MG_0941-2-scaled-1-155x155.png 155w, https:\/\/www.joyeriajael.es\/wp-content\/uploads\/2021\/09\/MG_0941-2-scaled-1-200x200.png 200w\" sizes=\"(max-width: 100px) 100vw, 100px\" \/><\/a>\n\t\t\t<\/div><\/figure><figure class='gallery-item'>\n\t\t\t<div class='gallery-icon landscape'>\n\t\t\t\t<a href='https:\/\/www.joyeriajael.es\/en\/tomy-curras-and-eva-alvarez-win-the-wooden-and-silver-racket-trophy-jael-jewelry\/mg_0945-scaled-2-2\/'><img loading=\"lazy\" decoding=\"async\" width=\"100\" height=\"100\" src=\"https:\/\/www.joyeriajael.es\/wp-content\/uploads\/2021\/09\/MG_0945-scaled-1-100x100.png\" class=\"attachment-thumbnail size-thumbnail\" alt=\"\" srcset=\"https:\/\/www.joyeriajael.es\/wp-content\/uploads\/2021\/09\/MG_0945-scaled-1-100x100.png 100w, https:\/\/www.joyeriajael.es\/wp-content\/uploads\/2021\/09\/MG_0945-scaled-1-300x300.png 300w, https:\/\/www.joyeriajael.es\/wp-content\/uploads\/2021\/09\/MG_0945-scaled-1-155x155.png 155w, https:\/\/www.joyeriajael.es\/wp-content\/uploads\/2021\/09\/MG_0945-scaled-1-200x200.png 200w\" sizes=\"(max-width: 100px) 100vw, 100px\" \/><\/a>\n\t\t\t<\/div><\/figure><figure class='gallery-item'>\n\t\t\t<div class='gallery-icon landscape'>\n\t\t\t\t<a href='https:\/\/www.joyeriajael.es\/en\/tomy-curras-and-eva-alvarez-win-the-wooden-and-silver-racket-trophy-jael-jewelry\/mg_0950-scaled-2-2\/'><img loading=\"lazy\" decoding=\"async\" width=\"100\" height=\"100\" src=\"https:\/\/www.joyeriajael.es\/wp-content\/uploads\/2021\/09\/MG_0950-scaled-1-100x100.png\" class=\"attachment-thumbnail size-thumbnail\" alt=\"\" srcset=\"https:\/\/www.joyeriajael.es\/wp-content\/uploads\/2021\/09\/MG_0950-scaled-1-100x100.png 100w, https:\/\/www.joyeriajael.es\/wp-content\/uploads\/2021\/09\/MG_0950-scaled-1-300x300.png 300w, https:\/\/www.joyeriajael.es\/wp-content\/uploads\/2021\/09\/MG_0950-scaled-1-155x155.png 155w, https:\/\/www.joyeriajael.es\/wp-content\/uploads\/2021\/09\/MG_0950-scaled-1-200x200.png 200w\" sizes=\"(max-width: 100px) 100vw, 100px\" \/><\/a>\n\t\t\t<\/div><\/figure><figure class='gallery-item'>\n\t\t\t<div class='gallery-icon landscape'>\n\t\t\t\t<a href='https:\/\/www.joyeriajael.es\/en\/tomy-curras-and-eva-alvarez-win-the-wooden-and-silver-racket-trophy-jael-jewelry\/mg_0952-scaled-2-2\/'><img loading=\"lazy\" decoding=\"async\" width=\"100\" height=\"100\" src=\"https:\/\/www.joyeriajael.es\/wp-content\/uploads\/2021\/09\/MG_0952-scaled-1-100x100.png\" class=\"attachment-thumbnail size-thumbnail\" alt=\"\" srcset=\"https:\/\/www.joyeriajael.es\/wp-content\/uploads\/2021\/09\/MG_0952-scaled-1-100x100.png 100w, https:\/\/www.joyeriajael.es\/wp-content\/uploads\/2021\/09\/MG_0952-scaled-1-300x300.png 300w, https:\/\/www.joyeriajael.es\/wp-content\/uploads\/2021\/09\/MG_0952-scaled-1-155x155.png 155w, https:\/\/www.joyeriajael.es\/wp-content\/uploads\/2021\/09\/MG_0952-scaled-1-200x200.png 200w\" sizes=\"(max-width: 100px) 100vw, 100px\" \/><\/a>\n\t\t\t<\/div><\/figure><figure class='gallery-item'>\n\t\t\t<div class='gallery-icon landscape'>\n\t\t\t\t<a href='https:\/\/www.joyeriajael.es\/en\/tomy-curras-and-eva-alvarez-win-the-wooden-and-silver-racket-trophy-jael-jewelry\/mg_0955-scaled-2-2\/'><img loading=\"lazy\" decoding=\"async\" width=\"100\" height=\"100\" src=\"https:\/\/www.joyeriajael.es\/wp-content\/uploads\/2021\/09\/MG_0955-scaled-1-100x100.png\" class=\"attachment-thumbnail size-thumbnail\" alt=\"\" srcset=\"https:\/\/www.joyeriajael.es\/wp-content\/uploads\/2021\/09\/MG_0955-scaled-1-100x100.png 100w, https:\/\/www.joyeriajael.es\/wp-content\/uploads\/2021\/09\/MG_0955-scaled-1-300x300.png 300w, https:\/\/www.joyeriajael.es\/wp-content\/uploads\/2021\/09\/MG_0955-scaled-1-155x155.png 155w, https:\/\/www.joyeriajael.es\/wp-content\/uploads\/2021\/09\/MG_0955-scaled-1-200x200.png 200w\" sizes=\"(max-width: 100px) 100vw, 100px\" \/><\/a>\n\t\t\t<\/div><\/figure><figure class='gallery-item'>\n\t\t\t<div class='gallery-icon landscape'>\n\t\t\t\t<a href='https:\/\/www.joyeriajael.es\/en\/tomy-curras-and-eva-alvarez-win-the-wooden-and-silver-racket-trophy-jael-jewelry\/242001330_4407060846041581_6936942438282595496_n-2\/'><img loading=\"lazy\" decoding=\"async\" width=\"100\" height=\"100\" src=\"https:\/\/www.joyeriajael.es\/wp-content\/uploads\/2021\/09\/242001330_4407060846041581_6936942438282595496_n-100x100.jpg\" class=\"attachment-thumbnail size-thumbnail\" alt=\"\" srcset=\"https:\/\/www.joyeriajael.es\/wp-content\/uploads\/2021\/09\/242001330_4407060846041581_6936942438282595496_n-100x100.jpg 100w, https:\/\/www.joyeriajael.es\/wp-content\/uploads\/2021\/09\/242001330_4407060846041581_6936942438282595496_n-300x300.jpg 300w, https:\/\/www.joyeriajael.es\/wp-content\/uploads\/2021\/09\/242001330_4407060846041581_6936942438282595496_n-155x155.jpg 155w, https:\/\/www.joyeriajael.es\/wp-content\/uploads\/2021\/09\/242001330_4407060846041581_6936942438282595496_n-600x600.jpg 600w, https:\/\/www.joyeriajael.es\/wp-content\/uploads\/2021\/09\/242001330_4407060846041581_6936942438282595496_n-200x200.jpg 200w, https:\/\/www.joyeriajael.es\/wp-content\/uploads\/2021\/09\/242001330_4407060846041581_6936942438282595496_n-145x145.jpg 145w, https:\/\/www.joyeriajael.es\/wp-content\/uploads\/2021\/09\/242001330_4407060846041581_6936942438282595496_n.jpg 949w\" sizes=\"(max-width: 100px) 100vw, 100px\" \/><\/a>\n\t\t\t<\/div><\/figure><figure class='gallery-item'>\n\t\t\t<div class='gallery-icon landscape'>\n\t\t\t\t<a href='https:\/\/www.joyeriajael.es\/en\/tomy-curras-and-eva-alvarez-win-the-wooden-and-silver-racket-trophy-jael-jewelry\/242176252_4407060849374914_9073957765159924048_n-2\/'><img loading=\"lazy\" decoding=\"async\" width=\"100\" height=\"100\" src=\"https:\/\/www.joyeriajael.es\/wp-content\/uploads\/2021\/09\/242176252_4407060849374914_9073957765159924048_n-100x100.jpg\" class=\"attachment-thumbnail size-thumbnail\" alt=\"\" srcset=\"https:\/\/www.joyeriajael.es\/wp-content\/uploads\/2021\/09\/242176252_4407060849374914_9073957765159924048_n-100x100.jpg 100w, https:\/\/www.joyeriajael.es\/wp-content\/uploads\/2021\/09\/242176252_4407060849374914_9073957765159924048_n-300x300.jpg 300w, https:\/\/www.joyeriajael.es\/wp-content\/uploads\/2021\/09\/242176252_4407060849374914_9073957765159924048_n-155x155.jpg 155w, https:\/\/www.joyeriajael.es\/wp-content\/uploads\/2021\/09\/242176252_4407060849374914_9073957765159924048_n-600x600.jpg 600w, https:\/\/www.joyeriajael.es\/wp-content\/uploads\/2021\/09\/242176252_4407060849374914_9073957765159924048_n-200x200.jpg 200w, https:\/\/www.joyeriajael.es\/wp-content\/uploads\/2021\/09\/242176252_4407060849374914_9073957765159924048_n-145x145.jpg 145w, https:\/\/www.joyeriajael.es\/wp-content\/uploads\/2021\/09\/242176252_4407060849374914_9073957765159924048_n.jpg 919w\" sizes=\"(max-width: 100px) 100vw, 100px\" \/><\/a>\n\t\t\t<\/div><\/figure><figure class='gallery-item'>\n\t\t\t<div class='gallery-icon landscape'>\n\t\t\t\t<a href='https:\/\/www.joyeriajael.es\/en\/tomy-curras-and-eva-alvarez-win-the-wooden-and-silver-racket-trophy-jael-jewelry\/241810513_4393705920710407_87142825276474478_n-2\/'><img loading=\"lazy\" decoding=\"async\" width=\"100\" height=\"100\" src=\"https:\/\/www.joyeriajael.es\/wp-content\/uploads\/2021\/09\/241810513_4393705920710407_87142825276474478_n-100x100.jpg\" class=\"attachment-thumbnail size-thumbnail\" alt=\"\" srcset=\"https:\/\/www.joyeriajael.es\/wp-content\/uploads\/2021\/09\/241810513_4393705920710407_87142825276474478_n-100x100.jpg 100w, https:\/\/www.joyeriajael.es\/wp-content\/uploads\/2021\/09\/241810513_4393705920710407_87142825276474478_n-300x300.jpg 300w, https:\/\/www.joyeriajael.es\/wp-content\/uploads\/2021\/09\/241810513_4393705920710407_87142825276474478_n-155x155.jpg 155w, https:\/\/www.joyeriajael.es\/wp-content\/uploads\/2021\/09\/241810513_4393705920710407_87142825276474478_n-600x600.jpg 600w, https:\/\/www.joyeriajael.es\/wp-content\/uploads\/2021\/09\/241810513_4393705920710407_87142825276474478_n-960x960.jpg 960w, https:\/\/www.joyeriajael.es\/wp-content\/uploads\/2021\/09\/241810513_4393705920710407_87142825276474478_n-200x200.jpg 200w, https:\/\/www.joyeriajael.es\/wp-content\/uploads\/2021\/09\/241810513_4393705920710407_87142825276474478_n-145x145.jpg 145w, https:\/\/www.joyeriajael.es\/wp-content\/uploads\/2021\/09\/241810513_4393705920710407_87142825276474478_n.jpg 1440w\" sizes=\"(max-width: 100px) 100vw, 100px\" \/><\/a>\n\t\t\t<\/div><\/figure>\n\t\t<\/div>\n\n","protected":false},"excerpt":{"rendered":"<p>Intense weekend of sports and emotions at the facilities of the Real Club de Tenis Coru\u00f1a with the&hellip;<\/p>\n","protected":false},"author":4,"featured_media":41770,"comment_status":"closed","ping_status":"open","sticky":false,"template":"","format":"standard","meta":{"_acf_changed":false,"footnotes":""},"categories":[529,528],"tags":[],"class_list":["post-43473","post","type-post","status-publish","format-standard","has-post-thumbnail","hentry","category-events","category-on-front"],"acf":[],"yoast_head":"<!-- This site is optimized with the Yoast SEO Premium plugin v27.4 (Yoast SEO v27.4) - https:\/\/yoast.com\/product\/yoast-seo-premium-wordpress\/ -->\n<title>Tomy and Eva win the Wooden and Silver Racket Trophy<\/title>\n<meta name=\"description\" content=\"Intense weekend of sports and emotions at the facilities of the Real Club de Tenis Coru\u00f1a with the first edition of a tournament with\" \/>\n<meta name=\"robots\" content=\"index, follow, max-snippet:-1, max-image-preview:large, max-video-preview:-1\" \/>\n<link rel=\"canonical\" href=\"https:\/\/www.joyeriajael.es\/en\/tomy-curras-and-eva-alvarez-win-the-wooden-and-silver-racket-trophy-jael-jewelry\/\" \/>\n<meta property=\"og:locale\" content=\"en_US\" \/>\n<meta property=\"og:type\" content=\"article\" \/>\n<meta property=\"og:title\" content=\"Tomy Curr\u00e1s and Eva \u00c1lvarez win the Wooden and Silver Racket Trophy\" \/>\n<meta property=\"og:description\" content=\"Intense weekend of sports and emotions at the facilities of the Real Club de Tenis Coru\u00f1a with the first edition of a tournament with\" \/>\n<meta property=\"og:url\" content=\"https:\/\/www.joyeriajael.es\/en\/tomy-curras-and-eva-alvarez-win-the-wooden-and-silver-racket-trophy-jael-jewelry\/\" \/>\n<meta property=\"og:site_name\" content=\"Jael Joyer\u00eda\" \/>\n<meta property=\"article:published_time\" content=\"2022-04-01T11:38:01+00:00\" \/>\n<meta property=\"article:modified_time\" content=\"2023-06-21T14:12:26+00:00\" \/>\n<meta property=\"og:image\" content=\"https:\/\/www.joyeriajael.es\/wp-content\/uploads\/2021\/09\/TROFEO-RAQUETA-DE-MADERA-Y-PLATA-JAEL-JOYERIA-REAL-CLUB-DE-TENIS-CORUNA-DES.jpg\" \/>\n\t<meta property=\"og:image:width\" content=\"1440\" \/>\n\t<meta property=\"og:image:height\" content=\"525\" \/>\n\t<meta property=\"og:image:type\" content=\"image\/jpeg\" \/>\n<meta name=\"author\" content=\"adrian\" \/>\n<meta name=\"twitter:card\" content=\"summary_large_image\" \/>\n<!-- \/ Yoast SEO Premium plugin. -->","yoast_head_json":{"title":"Tomy and Eva win the Wooden and Silver Racket Trophy","description":"Intense weekend of sports and emotions at the facilities of the Real Club de Tenis Coru\u00f1a with the first edition of a tournament with","robots":{"index":"index","follow":"follow","max-snippet":"max-snippet:-1","max-image-preview":"max-image-preview:large","max-video-preview":"max-video-preview:-1"},"canonical":"https:\/\/www.joyeriajael.es\/en\/tomy-curras-and-eva-alvarez-win-the-wooden-and-silver-racket-trophy-jael-jewelry\/","og_locale":"en_US","og_type":"article","og_title":"Tomy Curr\u00e1s and Eva \u00c1lvarez win the Wooden and Silver Racket Trophy","og_description":"Intense weekend of sports and emotions at the facilities of the Real Club de Tenis Coru\u00f1a with the first edition of a tournament with","og_url":"https:\/\/www.joyeriajael.es\/en\/tomy-curras-and-eva-alvarez-win-the-wooden-and-silver-racket-trophy-jael-jewelry\/","og_site_name":"Jael Joyer\u00eda","article_published_time":"2022-04-01T11:38:01+00:00","article_modified_time":"2023-06-21T14:12:26+00:00","og_image":[{"width":1440,"height":525,"url":"https:\/\/www.joyeriajael.es\/wp-content\/uploads\/2021\/09\/TROFEO-RAQUETA-DE-MADERA-Y-PLATA-JAEL-JOYERIA-REAL-CLUB-DE-TENIS-CORUNA-DES.jpg","type":"image\/jpeg"}],"author":"adrian","twitter_card":"summary_large_image","schema":{"@context":"https:\/\/schema.org","@graph":[{"@type":["Article","BlogPosting"],"@id":"https:\/\/www.joyeriajael.es\/en\/tomy-curras-and-eva-alvarez-win-the-wooden-and-silver-racket-trophy-jael-jewelry\/#article","isPartOf":{"@id":"https:\/\/www.joyeriajael.es\/en\/tomy-curras-and-eva-alvarez-win-the-wooden-and-silver-racket-trophy-jael-jewelry\/"},"author":{"name":"adrian","@id":"https:\/\/www.joyeriajael.es\/en\/#\/schema\/person\/e547999ef3b82be2bc83696803c3d202"},"headline":"Tomy Curr\u00e1s and Eva \u00c1lvarez win the Wooden and Silver Racket Trophy","datePublished":"2022-04-01T11:38:01+00:00","dateModified":"2023-06-21T14:12:26+00:00","mainEntityOfPage":{"@id":"https:\/\/www.joyeriajael.es\/en\/tomy-curras-and-eva-alvarez-win-the-wooden-and-silver-racket-trophy-jael-jewelry\/"},"wordCount":215,"publisher":{"@id":"https:\/\/www.joyeriajael.es\/en\/#organization"},"image":{"@id":"https:\/\/www.joyeriajael.es\/en\/tomy-curras-and-eva-alvarez-win-the-wooden-and-silver-racket-trophy-jael-jewelry\/#primaryimage"},"thumbnailUrl":"https:\/\/www.joyeriajael.es\/wp-content\/uploads\/2021\/09\/TROFEO-RAQUETA-DE-MADERA-Y-PLATA-JAEL-JOYERIA-REAL-CLUB-DE-TENIS-CORUNA-DES.jpg","articleSection":["Events","On front"],"inLanguage":"en-US"},{"@type":["WebPage","ItemPage"],"@id":"https:\/\/www.joyeriajael.es\/en\/tomy-curras-and-eva-alvarez-win-the-wooden-and-silver-racket-trophy-jael-jewelry\/","url":"https:\/\/www.joyeriajael.es\/en\/tomy-curras-and-eva-alvarez-win-the-wooden-and-silver-racket-trophy-jael-jewelry\/","name":"Tomy and Eva win the Wooden and Silver Racket Trophy","isPartOf":{"@id":"https:\/\/www.joyeriajael.es\/en\/#website"},"primaryImageOfPage":{"@id":"https:\/\/www.joyeriajael.es\/en\/tomy-curras-and-eva-alvarez-win-the-wooden-and-silver-racket-trophy-jael-jewelry\/#primaryimage"},"image":{"@id":"https:\/\/www.joyeriajael.es\/en\/tomy-curras-and-eva-alvarez-win-the-wooden-and-silver-racket-trophy-jael-jewelry\/#primaryimage"},"thumbnailUrl":"https:\/\/www.joyeriajael.es\/wp-content\/uploads\/2021\/09\/TROFEO-RAQUETA-DE-MADERA-Y-PLATA-JAEL-JOYERIA-REAL-CLUB-DE-TENIS-CORUNA-DES.jpg","datePublished":"2022-04-01T11:38:01+00:00","dateModified":"2023-06-21T14:12:26+00:00","description":"Intense weekend of sports and emotions at the facilities of the Real Club de Tenis Coru\u00f1a with the first edition of a tournament with","breadcrumb":{"@id":"https:\/\/www.joyeriajael.es\/en\/tomy-curras-and-eva-alvarez-win-the-wooden-and-silver-racket-trophy-jael-jewelry\/#breadcrumb"},"inLanguage":"en-US","potentialAction":[{"@type":"ReadAction","target":["https:\/\/www.joyeriajael.es\/en\/tomy-curras-and-eva-alvarez-win-the-wooden-and-silver-racket-trophy-jael-jewelry\/"]}]},{"@type":"ImageObject","inLanguage":"en-US","@id":"https:\/\/www.joyeriajael.es\/en\/tomy-curras-and-eva-alvarez-win-the-wooden-and-silver-racket-trophy-jael-jewelry\/#primaryimage","url":"https:\/\/www.joyeriajael.es\/wp-content\/uploads\/2021\/09\/TROFEO-RAQUETA-DE-MADERA-Y-PLATA-JAEL-JOYERIA-REAL-CLUB-DE-TENIS-CORUNA-DES.jpg","contentUrl":"https:\/\/www.joyeriajael.es\/wp-content\/uploads\/2021\/09\/TROFEO-RAQUETA-DE-MADERA-Y-PLATA-JAEL-JOYERIA-REAL-CLUB-DE-TENIS-CORUNA-DES.jpg","width":1440,"height":525},{"@type":"BreadcrumbList","@id":"https:\/\/www.joyeriajael.es\/en\/tomy-curras-and-eva-alvarez-win-the-wooden-and-silver-racket-trophy-jael-jewelry\/#breadcrumb","itemListElement":[{"@type":"ListItem","position":1,"name":"Portada","item":"https:\/\/www.joyeriajael.es\/en\/"},{"@type":"ListItem","position":2,"name":"Tomy Curr\u00e1s and Eva \u00c1lvarez win the Wooden and Silver Racket Trophy"}]},{"@type":"WebSite","@id":"https:\/\/www.joyeriajael.es\/en\/#website","url":"https:\/\/www.joyeriajael.es\/en\/","name":"Jael Joyer\u00eda","description":"Jael Joyer\u00eda en Santiago de Compostela y A Coru\u00f1a. Primeras marcas, firmas exclusivas, \u00fanico concesionario autorizado de Rolex en la provincia de A Coru\u00f1a.","publisher":{"@id":"https:\/\/www.joyeriajael.es\/en\/#organization"},"alternateName":"Jael","potentialAction":[{"@type":"SearchAction","target":{"@type":"EntryPoint","urlTemplate":"https:\/\/www.joyeriajael.es\/en\/?s={search_term_string}"},"query-input":{"@type":"PropertyValueSpecification","valueRequired":true,"valueName":"search_term_string"}}],"inLanguage":"en-US"},{"@type":"Organization","@id":"https:\/\/www.joyeriajael.es\/en\/#organization","name":"Jael","alternateName":"Jael joyer\u00eda","url":"https:\/\/www.joyeriajael.es\/en\/","logo":{"@type":"ImageObject","inLanguage":"en-US","@id":"https:\/\/www.joyeriajael.es\/en\/#\/schema\/logo\/image\/","url":"https:\/\/www.joyeriajael.es\/wp-content\/uploads\/2024\/07\/cropped-favicon-1.png","contentUrl":"https:\/\/www.joyeriajael.es\/wp-content\/uploads\/2024\/07\/cropped-favicon-1.png","width":512,"height":512,"caption":"Jael"},"image":{"@id":"https:\/\/www.joyeriajael.es\/en\/#\/schema\/logo\/image\/"}},{"@type":"Person","@id":"https:\/\/www.joyeriajael.es\/en\/#\/schema\/person\/e547999ef3b82be2bc83696803c3d202","name":"adrian","image":{"@type":"ImageObject","inLanguage":"en-US","@id":"https:\/\/secure.gravatar.com\/avatar\/b7bbc357b35e4bc4cbe22f092819ab77abe8ae90f3478b1d30468ba8a75aedb7?s=96&d=mm&r=g","url":"https:\/\/secure.gravatar.com\/avatar\/b7bbc357b35e4bc4cbe22f092819ab77abe8ae90f3478b1d30468ba8a75aedb7?s=96&d=mm&r=g","contentUrl":"https:\/\/secure.gravatar.com\/avatar\/b7bbc357b35e4bc4cbe22f092819ab77abe8ae90f3478b1d30468ba8a75aedb7?s=96&d=mm&r=g","caption":"adrian"}}]}},"_links":{"self":[{"href":"https:\/\/www.joyeriajael.es\/en\/wp-json\/wp\/v2\/posts\/43473","targetHints":{"allow":["GET"]}}],"collection":[{"href":"https:\/\/www.joyeriajael.es\/en\/wp-json\/wp\/v2\/posts"}],"about":[{"href":"https:\/\/www.joyeriajael.es\/en\/wp-json\/wp\/v2\/types\/post"}],"author":[{"embeddable":true,"href":"https:\/\/www.joyeriajael.es\/en\/wp-json\/wp\/v2\/users\/4"}],"replies":[{"embeddable":true,"href":"https:\/\/www.joyeriajael.es\/en\/wp-json\/wp\/v2\/comments?post=43473"}],"version-history":[{"count":2,"href":"https:\/\/www.joyeriajael.es\/en\/wp-json\/wp\/v2\/posts\/43473\/revisions"}],"predecessor-version":[{"id":62994,"href":"https:\/\/www.joyeriajael.es\/en\/wp-json\/wp\/v2\/posts\/43473\/revisions\/62994"}],"wp:featuredmedia":[{"embeddable":true,"href":"https:\/\/www.joyeriajael.es\/en\/wp-json\/wp\/v2\/media\/41770"}],"wp:attachment":[{"href":"https:\/\/www.joyeriajael.es\/en\/wp-json\/wp\/v2\/media?parent=43473"}],"wp:term":[{"taxonomy":"category","embeddable":true,"href":"https:\/\/www.joyeriajael.es\/en\/wp-json\/wp\/v2\/categories?post=43473"},{"taxonomy":"post_tag","embeddable":true,"href":"https:\/\/www.joyeriajael.es\/en\/wp-json\/wp\/v2\/tags?post=43473"}],"curies":[{"name":"wp","href":"https:\/\/api.w.org\/{rel}","templated":true}]}}