{"id":43474,"date":"2022-04-01T13:38:02","date_gmt":"2022-04-01T11:38:02","guid":{"rendered":"https:\/\/www.joyeriajael.es\/jael-jewelry-incorporates-breitling-into-its-brand-catalog\/"},"modified":"2023-09-19T09:59:04","modified_gmt":"2023-09-19T07:59:04","slug":"jael-jewelry-incorporates-breitling-into-its-brand-catalog","status":"publish","type":"post","link":"https:\/\/www.joyeriajael.es\/en\/jael-jewelry-incorporates-breitling-into-its-brand-catalog\/","title":{"rendered":"Jael Jewelry incorporates Breitling into its brand catalog"},"content":{"rendered":"<p><a href=\"https:\/\/www.breitling.com\/es-es\/\" target=\"_blank\" rel=\"noopener\"><strong>Breitling<\/strong><\/a> signature watches are already part of the Jael family. The models manufactured by the Swiss company join the catalog of jewelry brands in its stores in A Coru\u00f1a and Santiago de Compostela.<!--more--><br \/>\nJael Jewelry is proud to have a firm with the prestige and legacy of <a href=\"https:\/\/www.breitling.com\/es-es\/\" target=\"_blank\" rel=\"noopener\"><strong>Breitling<\/strong><\/a> . Founded in 1884, the Swiss house has established its reputation as a pioneering brand with a global reputation for high-precision watches, the development of the wrist chronograph and an unreserved commitment to its design values. In the rich history of its links with aviation, Breitling has been present at the stellar moments of the human conquest of the skies. In addition to the reputation it enjoys for its innovative spirit, it is also in a privileged position in the fields of science, sports and technology. Breitling manufactures its own movements in-house and, like the movements in all Breitling watches, their Swiss Made COSC-certified chronometer status guarantees the quality of each one.<br \/>\nThe collaboration between Jael and <a href=\"https:\/\/www.breitling.com\/es-es\/\" target=\"_blank\" rel=\"noopener\"><strong>Breitling<\/strong><\/a> opens with the presentation of the Premier collection, a step further in the field of elegance and craftsmanship. Premier Heritage watches offer some of the most renowned complications and combine it with the sophisticated spirit of the 1940s. To get to know her, all you have to do is go through any of the Jael Jewelry stores.<\/p>\n","protected":false},"excerpt":{"rendered":"<p>Breitling signature watches are already part of the Jael family. The models manufactured by the Swiss company join&hellip;<\/p>\n","protected":false},"author":4,"featured_media":41681,"comment_status":"closed","ping_status":"open","sticky":false,"template":"","format":"standard","meta":{"_acf_changed":false,"footnotes":""},"categories":[529,528],"tags":[],"class_list":["post-43474","post","type-post","status-publish","format-standard","has-post-thumbnail","hentry","category-events","category-on-front"],"acf":[],"yoast_head":"<!-- This site is optimized with the Yoast SEO Premium plugin v27.4 (Yoast SEO v27.4) - https:\/\/yoast.com\/product\/yoast-seo-premium-wordpress\/ -->\n<title>Jael Jewelry incorporates Breitling | Jael<\/title>\n<meta name=\"description\" content=\"The models manufactured by the Swiss company join the catalog of jewelry brands in its stores in A Coru\u00f1a and Santiago de Compostela.\" \/>\n<meta name=\"robots\" content=\"index, follow, max-snippet:-1, max-image-preview:large, max-video-preview:-1\" \/>\n<link rel=\"canonical\" href=\"https:\/\/www.joyeriajael.es\/en\/jael-jewelry-incorporates-breitling-into-its-brand-catalog\/\" \/>\n<meta property=\"og:locale\" content=\"en_US\" \/>\n<meta property=\"og:type\" content=\"article\" \/>\n<meta property=\"og:title\" content=\"Jael Jewelry incorporates Breitling into its brand catalog\" \/>\n<meta property=\"og:description\" content=\"The models manufactured by the Swiss company join the catalog of jewelry brands in its stores in A Coru\u00f1a and Santiago de Compostela.\" \/>\n<meta property=\"og:url\" content=\"https:\/\/www.joyeriajael.es\/en\/jael-jewelry-incorporates-breitling-into-its-brand-catalog\/\" \/>\n<meta property=\"og:site_name\" content=\"Jael Joyer\u00eda\" \/>\n<meta property=\"article:published_time\" content=\"2022-04-01T11:38:02+00:00\" \/>\n<meta property=\"article:modified_time\" content=\"2023-09-19T07:59:04+00:00\" \/>\n<meta property=\"og:image\" content=\"https:\/\/www.joyeriajael.es\/wp-content\/uploads\/2021\/05\/JAEL-JOYERIA-BREITLING-A-CORUNA-SANTIAGO-DE-COMPOSTELA-DES.jpg\" \/>\n\t<meta property=\"og:image:width\" content=\"1302\" \/>\n\t<meta property=\"og:image:height\" content=\"474\" \/>\n\t<meta property=\"og:image:type\" content=\"image\/jpeg\" \/>\n<meta name=\"author\" content=\"adrian\" \/>\n<meta name=\"twitter:card\" content=\"summary_large_image\" \/>\n<!-- \/ Yoast SEO Premium plugin. -->","yoast_head_json":{"title":"Jael Jewelry incorporates Breitling | Jael","description":"The models manufactured by the Swiss company join the catalog of jewelry brands in its stores in A Coru\u00f1a and Santiago de Compostela.","robots":{"index":"index","follow":"follow","max-snippet":"max-snippet:-1","max-image-preview":"max-image-preview:large","max-video-preview":"max-video-preview:-1"},"canonical":"https:\/\/www.joyeriajael.es\/en\/jael-jewelry-incorporates-breitling-into-its-brand-catalog\/","og_locale":"en_US","og_type":"article","og_title":"Jael Jewelry incorporates Breitling into its brand catalog","og_description":"The models manufactured by the Swiss company join the catalog of jewelry brands in its stores in A Coru\u00f1a and Santiago de Compostela.","og_url":"https:\/\/www.joyeriajael.es\/en\/jael-jewelry-incorporates-breitling-into-its-brand-catalog\/","og_site_name":"Jael Joyer\u00eda","article_published_time":"2022-04-01T11:38:02+00:00","article_modified_time":"2023-09-19T07:59:04+00:00","og_image":[{"width":1302,"height":474,"url":"https:\/\/www.joyeriajael.es\/wp-content\/uploads\/2021\/05\/JAEL-JOYERIA-BREITLING-A-CORUNA-SANTIAGO-DE-COMPOSTELA-DES.jpg","type":"image\/jpeg"}],"author":"adrian","twitter_card":"summary_large_image","schema":{"@context":"https:\/\/schema.org","@graph":[{"@type":["Article","BlogPosting"],"@id":"https:\/\/www.joyeriajael.es\/en\/jael-jewelry-incorporates-breitling-into-its-brand-catalog\/#article","isPartOf":{"@id":"https:\/\/www.joyeriajael.es\/en\/jael-jewelry-incorporates-breitling-into-its-brand-catalog\/"},"author":{"name":"adrian","@id":"https:\/\/www.joyeriajael.es\/en\/#\/schema\/person\/e547999ef3b82be2bc83696803c3d202"},"headline":"Jael Jewelry incorporates Breitling into its brand catalog","datePublished":"2022-04-01T11:38:02+00:00","dateModified":"2023-09-19T07:59:04+00:00","mainEntityOfPage":{"@id":"https:\/\/www.joyeriajael.es\/en\/jael-jewelry-incorporates-breitling-into-its-brand-catalog\/"},"wordCount":230,"publisher":{"@id":"https:\/\/www.joyeriajael.es\/en\/#organization"},"image":{"@id":"https:\/\/www.joyeriajael.es\/en\/jael-jewelry-incorporates-breitling-into-its-brand-catalog\/#primaryimage"},"thumbnailUrl":"https:\/\/www.joyeriajael.es\/wp-content\/uploads\/2021\/05\/JAEL-JOYERIA-BREITLING-A-CORUNA-SANTIAGO-DE-COMPOSTELA-DES.jpg","articleSection":["Events","On front"],"inLanguage":"en-US"},{"@type":["WebPage","ItemPage"],"@id":"https:\/\/www.joyeriajael.es\/en\/jael-jewelry-incorporates-breitling-into-its-brand-catalog\/","url":"https:\/\/www.joyeriajael.es\/en\/jael-jewelry-incorporates-breitling-into-its-brand-catalog\/","name":"Jael Jewelry incorporates Breitling | Jael","isPartOf":{"@id":"https:\/\/www.joyeriajael.es\/en\/#website"},"primaryImageOfPage":{"@id":"https:\/\/www.joyeriajael.es\/en\/jael-jewelry-incorporates-breitling-into-its-brand-catalog\/#primaryimage"},"image":{"@id":"https:\/\/www.joyeriajael.es\/en\/jael-jewelry-incorporates-breitling-into-its-brand-catalog\/#primaryimage"},"thumbnailUrl":"https:\/\/www.joyeriajael.es\/wp-content\/uploads\/2021\/05\/JAEL-JOYERIA-BREITLING-A-CORUNA-SANTIAGO-DE-COMPOSTELA-DES.jpg","datePublished":"2022-04-01T11:38:02+00:00","dateModified":"2023-09-19T07:59:04+00:00","description":"The models manufactured by the Swiss company join the catalog of jewelry brands in its stores in A Coru\u00f1a and Santiago de Compostela.","breadcrumb":{"@id":"https:\/\/www.joyeriajael.es\/en\/jael-jewelry-incorporates-breitling-into-its-brand-catalog\/#breadcrumb"},"inLanguage":"en-US","potentialAction":[{"@type":"ReadAction","target":["https:\/\/www.joyeriajael.es\/en\/jael-jewelry-incorporates-breitling-into-its-brand-catalog\/"]}]},{"@type":"ImageObject","inLanguage":"en-US","@id":"https:\/\/www.joyeriajael.es\/en\/jael-jewelry-incorporates-breitling-into-its-brand-catalog\/#primaryimage","url":"https:\/\/www.joyeriajael.es\/wp-content\/uploads\/2021\/05\/JAEL-JOYERIA-BREITLING-A-CORUNA-SANTIAGO-DE-COMPOSTELA-DES.jpg","contentUrl":"https:\/\/www.joyeriajael.es\/wp-content\/uploads\/2021\/05\/JAEL-JOYERIA-BREITLING-A-CORUNA-SANTIAGO-DE-COMPOSTELA-DES.jpg","width":1302,"height":474},{"@type":"BreadcrumbList","@id":"https:\/\/www.joyeriajael.es\/en\/jael-jewelry-incorporates-breitling-into-its-brand-catalog\/#breadcrumb","itemListElement":[{"@type":"ListItem","position":1,"name":"Portada","item":"https:\/\/www.joyeriajael.es\/en\/"},{"@type":"ListItem","position":2,"name":"Jael Jewelry incorporates Breitling into its brand catalog"}]},{"@type":"WebSite","@id":"https:\/\/www.joyeriajael.es\/en\/#website","url":"https:\/\/www.joyeriajael.es\/en\/","name":"Jael Joyer\u00eda","description":"Jael Joyer\u00eda en Santiago de Compostela y A Coru\u00f1a. Primeras marcas, firmas exclusivas, \u00fanico concesionario autorizado de Rolex en la provincia de A Coru\u00f1a.","publisher":{"@id":"https:\/\/www.joyeriajael.es\/en\/#organization"},"alternateName":"Jael","potentialAction":[{"@type":"SearchAction","target":{"@type":"EntryPoint","urlTemplate":"https:\/\/www.joyeriajael.es\/en\/?s={search_term_string}"},"query-input":{"@type":"PropertyValueSpecification","valueRequired":true,"valueName":"search_term_string"}}],"inLanguage":"en-US"},{"@type":"Organization","@id":"https:\/\/www.joyeriajael.es\/en\/#organization","name":"Jael","alternateName":"Jael joyer\u00eda","url":"https:\/\/www.joyeriajael.es\/en\/","logo":{"@type":"ImageObject","inLanguage":"en-US","@id":"https:\/\/www.joyeriajael.es\/en\/#\/schema\/logo\/image\/","url":"https:\/\/www.joyeriajael.es\/wp-content\/uploads\/2024\/07\/cropped-favicon-1.png","contentUrl":"https:\/\/www.joyeriajael.es\/wp-content\/uploads\/2024\/07\/cropped-favicon-1.png","width":512,"height":512,"caption":"Jael"},"image":{"@id":"https:\/\/www.joyeriajael.es\/en\/#\/schema\/logo\/image\/"}},{"@type":"Person","@id":"https:\/\/www.joyeriajael.es\/en\/#\/schema\/person\/e547999ef3b82be2bc83696803c3d202","name":"adrian","image":{"@type":"ImageObject","inLanguage":"en-US","@id":"https:\/\/secure.gravatar.com\/avatar\/b7bbc357b35e4bc4cbe22f092819ab77abe8ae90f3478b1d30468ba8a75aedb7?s=96&d=mm&r=g","url":"https:\/\/secure.gravatar.com\/avatar\/b7bbc357b35e4bc4cbe22f092819ab77abe8ae90f3478b1d30468ba8a75aedb7?s=96&d=mm&r=g","contentUrl":"https:\/\/secure.gravatar.com\/avatar\/b7bbc357b35e4bc4cbe22f092819ab77abe8ae90f3478b1d30468ba8a75aedb7?s=96&d=mm&r=g","caption":"adrian"}}]}},"_links":{"self":[{"href":"https:\/\/www.joyeriajael.es\/en\/wp-json\/wp\/v2\/posts\/43474","targetHints":{"allow":["GET"]}}],"collection":[{"href":"https:\/\/www.joyeriajael.es\/en\/wp-json\/wp\/v2\/posts"}],"about":[{"href":"https:\/\/www.joyeriajael.es\/en\/wp-json\/wp\/v2\/types\/post"}],"author":[{"embeddable":true,"href":"https:\/\/www.joyeriajael.es\/en\/wp-json\/wp\/v2\/users\/4"}],"replies":[{"embeddable":true,"href":"https:\/\/www.joyeriajael.es\/en\/wp-json\/wp\/v2\/comments?post=43474"}],"version-history":[{"count":1,"href":"https:\/\/www.joyeriajael.es\/en\/wp-json\/wp\/v2\/posts\/43474\/revisions"}],"predecessor-version":[{"id":65785,"href":"https:\/\/www.joyeriajael.es\/en\/wp-json\/wp\/v2\/posts\/43474\/revisions\/65785"}],"wp:featuredmedia":[{"embeddable":true,"href":"https:\/\/www.joyeriajael.es\/en\/wp-json\/wp\/v2\/media\/41681"}],"wp:attachment":[{"href":"https:\/\/www.joyeriajael.es\/en\/wp-json\/wp\/v2\/media?parent=43474"}],"wp:term":[{"taxonomy":"category","embeddable":true,"href":"https:\/\/www.joyeriajael.es\/en\/wp-json\/wp\/v2\/categories?post=43474"},{"taxonomy":"post_tag","embeddable":true,"href":"https:\/\/www.joyeriajael.es\/en\/wp-json\/wp\/v2\/tags?post=43474"}],"curies":[{"name":"wp","href":"https:\/\/api.w.org\/{rel}","templated":true}]}}