{"id":43547,"date":"2022-04-01T15:38:43","date_gmt":"2022-04-01T13:38:43","guid":{"rendered":"https:\/\/www.joyeriajael.es\/jael-joyeria-and-tag-heuer-one-more-year-at-the-pantin-classic-surf-pro\/"},"modified":"2023-06-22T11:20:21","modified_gmt":"2023-06-22T09:20:21","slug":"jael-joyeria-and-tag-heuer-one-more-year-at-the-pantin-classic-surf-pro","status":"publish","type":"post","link":"https:\/\/www.joyeriajael.es\/en\/jael-joyeria-and-tag-heuer-one-more-year-at-the-pantin-classic-surf-pro\/","title":{"rendered":"Jael Joyer\u00eda and TAG Heuer at the Pant\u00edn Classic Surf Pro"},"content":{"rendered":"<p>One of the great surfing events of the world calendar returns to Valdovi\u00f1o: the Pantin Classic Surf Pro will be held from August 15 to 23 in this emblematic sandy area of A Coru\u00f1a.<!--more--><br \/>\nOnce again, <a href=\"https:\/\/www.joyeriajael.es\/en\/\"><strong>Jael Joyer\u00eda<\/strong><\/a> and <strong>TAG Heuer<\/strong> are sponsors of the event and, as in previous years, will be present with a stand on the beach.<br \/>\nOnce again, the event has an enormous competitive level. More than 140 surfers have already registered for the competition, in both male and female categories. In this edition, Johanne Defay (Reunion Island), Joan Dur\u00fa (France) and Aritz Aranburu (Basque Country), who are positioned as the favorites for the victory, will compete.<br \/>\nBut surfers such as Maxime Huscenot (France), Maud Le Car (France), Teresa Bonvalot (Portugal), Garazi Sanchez (Basque Country), Vasco Ribeiro (Portugal), Luis Diaz (Canary Islands) Jonathan Gonzalez (Canary Islands), Ariane Ochoa (Basque Country), Nadia Erostarbe (Basque Country) and Gony Zubizarreta (Galicia) among others will also be present.<br \/>\nThey will be joined by the champions and runners-up, in male and female categories, of the Galician Regional Open, which will take place on August 15 and 16.<br \/>\nBut not only will you be able to enjoy the best international surfing, but during the days of competition there will be different activities of the Pant\u00edn Eco-Logic project, with the intention of teaching the importance of taking care of our beaches and recycling, among many other things. Check the complete program of activities and the registration access to the event on the official website.<\/p>\n","protected":false},"excerpt":{"rendered":"<p>One of the great surfing events of the world calendar returns to Valdovi\u00f1o: the Pantin Classic Surf Pro&hellip;<\/p>\n","protected":false},"author":4,"featured_media":48227,"comment_status":"closed","ping_status":"open","sticky":false,"template":"","format":"standard","meta":{"_acf_changed":false,"footnotes":""},"categories":[529,528],"tags":[],"class_list":["post-43547","post","type-post","status-publish","format-standard","has-post-thumbnail","hentry","category-events","category-on-front"],"acf":[],"yoast_head":"<!-- This site is optimized with the Yoast SEO Premium plugin v27.4 (Yoast SEO v27.4) - https:\/\/yoast.com\/product\/yoast-seo-premium-wordpress\/ -->\n<title>Jael Joyer\u00eda and TAG Heuer at Pant\u00edn Classic Surf Pro Tournament<\/title>\n<meta name=\"description\" content=\"One of the great surfing events of the world calendar returns to Valdovi\u00f1o: the Pantin Classic Surf Pro will be held from August 15 to 23\" \/>\n<meta name=\"robots\" content=\"index, follow, max-snippet:-1, max-image-preview:large, max-video-preview:-1\" \/>\n<link rel=\"canonical\" href=\"https:\/\/www.joyeriajael.es\/en\/jael-joyeria-and-tag-heuer-one-more-year-at-the-pantin-classic-surf-pro\/\" \/>\n<meta property=\"og:locale\" content=\"en_US\" \/>\n<meta property=\"og:type\" content=\"article\" \/>\n<meta property=\"og:title\" content=\"Jael Joyer\u00eda and TAG Heuer at the Pant\u00edn Classic Surf Pro\" \/>\n<meta property=\"og:description\" content=\"One of the great surfing events of the world calendar returns to Valdovi\u00f1o: the Pantin Classic Surf Pro will be held from August 15 to 23\" \/>\n<meta property=\"og:url\" content=\"https:\/\/www.joyeriajael.es\/en\/jael-joyeria-and-tag-heuer-one-more-year-at-the-pantin-classic-surf-pro\/\" \/>\n<meta property=\"og:site_name\" content=\"Jael Joyer\u00eda\" \/>\n<meta property=\"article:published_time\" content=\"2022-04-01T13:38:43+00:00\" \/>\n<meta property=\"article:modified_time\" content=\"2023-06-22T09:20:21+00:00\" \/>\n<meta property=\"og:image\" content=\"https:\/\/www.joyeriajael.es\/wp-content\/uploads\/2020\/08\/Dia6-Pauline_AdoFRA\u00a9Poullenot-WSL-scaled-1.jpeg\" \/>\n\t<meta property=\"og:image:width\" content=\"750\" \/>\n\t<meta property=\"og:image:height\" content=\"500\" \/>\n\t<meta property=\"og:image:type\" content=\"image\/jpeg\" \/>\n<meta name=\"author\" content=\"adrian\" \/>\n<meta name=\"twitter:card\" content=\"summary_large_image\" \/>\n<!-- \/ Yoast SEO Premium plugin. -->","yoast_head_json":{"title":"Jael Joyer\u00eda and TAG Heuer at Pant\u00edn Classic Surf Pro Tournament","description":"One of the great surfing events of the world calendar returns to Valdovi\u00f1o: the Pantin Classic Surf Pro will be held from August 15 to 23","robots":{"index":"index","follow":"follow","max-snippet":"max-snippet:-1","max-image-preview":"max-image-preview:large","max-video-preview":"max-video-preview:-1"},"canonical":"https:\/\/www.joyeriajael.es\/en\/jael-joyeria-and-tag-heuer-one-more-year-at-the-pantin-classic-surf-pro\/","og_locale":"en_US","og_type":"article","og_title":"Jael Joyer\u00eda and TAG Heuer at the Pant\u00edn Classic Surf Pro","og_description":"One of the great surfing events of the world calendar returns to Valdovi\u00f1o: the Pantin Classic Surf Pro will be held from August 15 to 23","og_url":"https:\/\/www.joyeriajael.es\/en\/jael-joyeria-and-tag-heuer-one-more-year-at-the-pantin-classic-surf-pro\/","og_site_name":"Jael Joyer\u00eda","article_published_time":"2022-04-01T13:38:43+00:00","article_modified_time":"2023-06-22T09:20:21+00:00","og_image":[{"width":750,"height":500,"url":"https:\/\/www.joyeriajael.es\/wp-content\/uploads\/2020\/08\/Dia6-Pauline_AdoFRA\u00a9Poullenot-WSL-scaled-1.jpeg","type":"image\/jpeg"}],"author":"adrian","twitter_card":"summary_large_image","schema":{"@context":"https:\/\/schema.org","@graph":[{"@type":["Article","BlogPosting"],"@id":"https:\/\/www.joyeriajael.es\/en\/jael-joyeria-and-tag-heuer-one-more-year-at-the-pantin-classic-surf-pro\/#article","isPartOf":{"@id":"https:\/\/www.joyeriajael.es\/en\/jael-joyeria-and-tag-heuer-one-more-year-at-the-pantin-classic-surf-pro\/"},"author":{"name":"adrian","@id":"https:\/\/www.joyeriajael.es\/en\/#\/schema\/person\/e547999ef3b82be2bc83696803c3d202"},"headline":"Jael Joyer\u00eda and TAG Heuer at the Pant\u00edn Classic Surf Pro","datePublished":"2022-04-01T13:38:43+00:00","dateModified":"2023-06-22T09:20:21+00:00","mainEntityOfPage":{"@id":"https:\/\/www.joyeriajael.es\/en\/jael-joyeria-and-tag-heuer-one-more-year-at-the-pantin-classic-surf-pro\/"},"wordCount":263,"publisher":{"@id":"https:\/\/www.joyeriajael.es\/en\/#organization"},"image":{"@id":"https:\/\/www.joyeriajael.es\/en\/jael-joyeria-and-tag-heuer-one-more-year-at-the-pantin-classic-surf-pro\/#primaryimage"},"thumbnailUrl":"https:\/\/www.joyeriajael.es\/wp-content\/uploads\/2020\/08\/Dia6-Pauline_AdoFRA\u00a9Poullenot-WSL-scaled-1.jpeg","articleSection":["Events","On front"],"inLanguage":"en-US"},{"@type":["WebPage","ItemPage"],"@id":"https:\/\/www.joyeriajael.es\/en\/jael-joyeria-and-tag-heuer-one-more-year-at-the-pantin-classic-surf-pro\/","url":"https:\/\/www.joyeriajael.es\/en\/jael-joyeria-and-tag-heuer-one-more-year-at-the-pantin-classic-surf-pro\/","name":"Jael Joyer\u00eda and TAG Heuer at Pant\u00edn Classic Surf Pro Tournament","isPartOf":{"@id":"https:\/\/www.joyeriajael.es\/en\/#website"},"primaryImageOfPage":{"@id":"https:\/\/www.joyeriajael.es\/en\/jael-joyeria-and-tag-heuer-one-more-year-at-the-pantin-classic-surf-pro\/#primaryimage"},"image":{"@id":"https:\/\/www.joyeriajael.es\/en\/jael-joyeria-and-tag-heuer-one-more-year-at-the-pantin-classic-surf-pro\/#primaryimage"},"thumbnailUrl":"https:\/\/www.joyeriajael.es\/wp-content\/uploads\/2020\/08\/Dia6-Pauline_AdoFRA\u00a9Poullenot-WSL-scaled-1.jpeg","datePublished":"2022-04-01T13:38:43+00:00","dateModified":"2023-06-22T09:20:21+00:00","description":"One of the great surfing events of the world calendar returns to Valdovi\u00f1o: the Pantin Classic Surf Pro will be held from August 15 to 23","breadcrumb":{"@id":"https:\/\/www.joyeriajael.es\/en\/jael-joyeria-and-tag-heuer-one-more-year-at-the-pantin-classic-surf-pro\/#breadcrumb"},"inLanguage":"en-US","potentialAction":[{"@type":"ReadAction","target":["https:\/\/www.joyeriajael.es\/en\/jael-joyeria-and-tag-heuer-one-more-year-at-the-pantin-classic-surf-pro\/"]}]},{"@type":"ImageObject","inLanguage":"en-US","@id":"https:\/\/www.joyeriajael.es\/en\/jael-joyeria-and-tag-heuer-one-more-year-at-the-pantin-classic-surf-pro\/#primaryimage","url":"https:\/\/www.joyeriajael.es\/wp-content\/uploads\/2020\/08\/Dia6-Pauline_AdoFRA\u00a9Poullenot-WSL-scaled-1.jpeg","contentUrl":"https:\/\/www.joyeriajael.es\/wp-content\/uploads\/2020\/08\/Dia6-Pauline_AdoFRA\u00a9Poullenot-WSL-scaled-1.jpeg","width":750,"height":500,"caption":"Dia6-Pauline_AdoFRA\u00a9Poullenot-WS"},{"@type":"BreadcrumbList","@id":"https:\/\/www.joyeriajael.es\/en\/jael-joyeria-and-tag-heuer-one-more-year-at-the-pantin-classic-surf-pro\/#breadcrumb","itemListElement":[{"@type":"ListItem","position":1,"name":"Portada","item":"https:\/\/www.joyeriajael.es\/en\/"},{"@type":"ListItem","position":2,"name":"Jael Joyer\u00eda and TAG Heuer at the Pant\u00edn Classic Surf Pro"}]},{"@type":"WebSite","@id":"https:\/\/www.joyeriajael.es\/en\/#website","url":"https:\/\/www.joyeriajael.es\/en\/","name":"Jael Joyer\u00eda","description":"Jael Joyer\u00eda en Santiago de Compostela y A Coru\u00f1a. Primeras marcas, firmas exclusivas, \u00fanico concesionario autorizado de Rolex en la provincia de A Coru\u00f1a.","publisher":{"@id":"https:\/\/www.joyeriajael.es\/en\/#organization"},"alternateName":"Jael","potentialAction":[{"@type":"SearchAction","target":{"@type":"EntryPoint","urlTemplate":"https:\/\/www.joyeriajael.es\/en\/?s={search_term_string}"},"query-input":{"@type":"PropertyValueSpecification","valueRequired":true,"valueName":"search_term_string"}}],"inLanguage":"en-US"},{"@type":"Organization","@id":"https:\/\/www.joyeriajael.es\/en\/#organization","name":"Jael","alternateName":"Jael joyer\u00eda","url":"https:\/\/www.joyeriajael.es\/en\/","logo":{"@type":"ImageObject","inLanguage":"en-US","@id":"https:\/\/www.joyeriajael.es\/en\/#\/schema\/logo\/image\/","url":"https:\/\/www.joyeriajael.es\/wp-content\/uploads\/2024\/07\/cropped-favicon-1.png","contentUrl":"https:\/\/www.joyeriajael.es\/wp-content\/uploads\/2024\/07\/cropped-favicon-1.png","width":512,"height":512,"caption":"Jael"},"image":{"@id":"https:\/\/www.joyeriajael.es\/en\/#\/schema\/logo\/image\/"}},{"@type":"Person","@id":"https:\/\/www.joyeriajael.es\/en\/#\/schema\/person\/e547999ef3b82be2bc83696803c3d202","name":"adrian","image":{"@type":"ImageObject","inLanguage":"en-US","@id":"https:\/\/secure.gravatar.com\/avatar\/b7bbc357b35e4bc4cbe22f092819ab77abe8ae90f3478b1d30468ba8a75aedb7?s=96&d=mm&r=g","url":"https:\/\/secure.gravatar.com\/avatar\/b7bbc357b35e4bc4cbe22f092819ab77abe8ae90f3478b1d30468ba8a75aedb7?s=96&d=mm&r=g","contentUrl":"https:\/\/secure.gravatar.com\/avatar\/b7bbc357b35e4bc4cbe22f092819ab77abe8ae90f3478b1d30468ba8a75aedb7?s=96&d=mm&r=g","caption":"adrian"}}]}},"_links":{"self":[{"href":"https:\/\/www.joyeriajael.es\/en\/wp-json\/wp\/v2\/posts\/43547","targetHints":{"allow":["GET"]}}],"collection":[{"href":"https:\/\/www.joyeriajael.es\/en\/wp-json\/wp\/v2\/posts"}],"about":[{"href":"https:\/\/www.joyeriajael.es\/en\/wp-json\/wp\/v2\/types\/post"}],"author":[{"embeddable":true,"href":"https:\/\/www.joyeriajael.es\/en\/wp-json\/wp\/v2\/users\/4"}],"replies":[{"embeddable":true,"href":"https:\/\/www.joyeriajael.es\/en\/wp-json\/wp\/v2\/comments?post=43547"}],"version-history":[{"count":2,"href":"https:\/\/www.joyeriajael.es\/en\/wp-json\/wp\/v2\/posts\/43547\/revisions"}],"predecessor-version":[{"id":62971,"href":"https:\/\/www.joyeriajael.es\/en\/wp-json\/wp\/v2\/posts\/43547\/revisions\/62971"}],"wp:featuredmedia":[{"embeddable":true,"href":"https:\/\/www.joyeriajael.es\/en\/wp-json\/wp\/v2\/media\/48227"}],"wp:attachment":[{"href":"https:\/\/www.joyeriajael.es\/en\/wp-json\/wp\/v2\/media?parent=43547"}],"wp:term":[{"taxonomy":"category","embeddable":true,"href":"https:\/\/www.joyeriajael.es\/en\/wp-json\/wp\/v2\/categories?post=43547"},{"taxonomy":"post_tag","embeddable":true,"href":"https:\/\/www.joyeriajael.es\/en\/wp-json\/wp\/v2\/tags?post=43547"}],"curies":[{"name":"wp","href":"https:\/\/api.w.org\/{rel}","templated":true}]}}