{"id":43551,"date":"2022-04-01T16:10:34","date_gmt":"2022-04-01T14:10:34","guid":{"rendered":"https:\/\/www.joyeriajael.es\/jael-pays-tribute-to-the-police-at-the-gala-graciasporcuidarnos-de-onda-cero-thank-you-for-taking-care-of-us\/"},"modified":"2023-06-21T15:59:17","modified_gmt":"2023-06-21T13:59:17","slug":"jael-pays-tribute-to-the-police-at-the-gala-graciasporcuidarnos-de-onda-cero-thank-you-for-taking-care-of-us","status":"publish","type":"post","link":"https:\/\/www.joyeriajael.es\/en\/jael-pays-tribute-to-the-police-at-the-gala-graciasporcuidarnos-de-onda-cero-thank-you-for-taking-care-of-us\/","title":{"rendered":"Jael pays tribute to the Police"},"content":{"rendered":"<p>The director of Jael Joyer\u00eda in A Coru\u00f1a, Tono Carabel, attended yesterday an act of recognition to the groups whose work is key in the coronavirus crisis.<!--more-->Onda Cero paid tribute to several social groups (security forces, essential service workers, transport workers and, of course, health workers) who led the citizen effort to overcome the Covid-19 pandemic. &#8220;At the height of the crisis, in the midst of confinement, when we were all wondering what would happen next, we have been fortunate to have people who have made us feel safe,&#8221; said Carabel in his speech at the event.<br \/>\nJael Joyer\u00eda was in charge of honoring the National Police, represented at the event by its senior chief in Galicia, Jos\u00e9 Lu\u00eds Balseiro. Carabel stated that the corps &#8220;has spared no effort or hours of work to protect us from an invisible and often incomprehensible enemy, and in many cases exposing themselves to contagion, as shown by the known numbers of infected agents&#8221;.<br \/>\nJael&#8217;s director highlighted the &#8220;professionalism, rigor and also the left hand&#8221; of the police officers: &#8220;Nobody better than them has interpreted the confusion and fear that the citizens felt, especially in those terrible weeks of March and April. No one like them, like the officers and the commanders who day by day transmitted reassuring news to us, have worked so that the citizens could remain calm. They have been, during the worst health crisis in living memory, our guide on how to contribute to this collective victory that we are still working on in the face of the coronavirus&#8221;.<\/p>\n<div id='gallery-1' class='gallery galleryid-43551 gallery-columns-3 gallery-size-thumbnail'><figure class='gallery-item'>\n\t\t\t<div class='gallery-icon landscape'>\n\t\t\t\t<a href='https:\/\/www.joyeriajael.es\/en\/familia-2\/'><img decoding=\"async\" width=\"100\" height=\"100\" src=\"https:\/\/www.joyeriajael.es\/wp-content\/uploads\/2020\/07\/FAMILIA-100x100.jpg\" class=\"attachment-thumbnail size-thumbnail\" alt=\"\" srcset=\"https:\/\/www.joyeriajael.es\/wp-content\/uploads\/2020\/07\/FAMILIA-100x100.jpg 100w, https:\/\/www.joyeriajael.es\/wp-content\/uploads\/2020\/07\/FAMILIA-300x300.jpg 300w, https:\/\/www.joyeriajael.es\/wp-content\/uploads\/2020\/07\/FAMILIA-155x155.jpg 155w, https:\/\/www.joyeriajael.es\/wp-content\/uploads\/2020\/07\/FAMILIA-200x200.jpg 200w\" sizes=\"(max-width: 100px) 100vw, 100px\" \/><\/a>\n\t\t\t<\/div><\/figure><figure class='gallery-item'>\n\t\t\t<div class='gallery-icon landscape'>\n\t\t\t\t<a href='https:\/\/www.joyeriajael.es\/en\/graciasporcuidarnos-jael-joyeria-a-coruna-onda-cero-2-3\/'><img decoding=\"async\" width=\"100\" height=\"100\" src=\"https:\/\/www.joyeriajael.es\/wp-content\/uploads\/2020\/07\/GRACIASPORCUIDARNOS-JAEL-JOYERIA-A-CORUNA-ONDA-CERO-2-100x100.jpg\" class=\"attachment-thumbnail size-thumbnail\" alt=\"\" srcset=\"https:\/\/www.joyeriajael.es\/wp-content\/uploads\/2020\/07\/GRACIASPORCUIDARNOS-JAEL-JOYERIA-A-CORUNA-ONDA-CERO-2-100x100.jpg 100w, https:\/\/www.joyeriajael.es\/wp-content\/uploads\/2020\/07\/GRACIASPORCUIDARNOS-JAEL-JOYERIA-A-CORUNA-ONDA-CERO-2-300x300.jpg 300w, https:\/\/www.joyeriajael.es\/wp-content\/uploads\/2020\/07\/GRACIASPORCUIDARNOS-JAEL-JOYERIA-A-CORUNA-ONDA-CERO-2-155x155.jpg 155w, https:\/\/www.joyeriajael.es\/wp-content\/uploads\/2020\/07\/GRACIASPORCUIDARNOS-JAEL-JOYERIA-A-CORUNA-ONDA-CERO-2-200x200.jpg 200w\" sizes=\"(max-width: 100px) 100vw, 100px\" \/><\/a>\n\t\t\t<\/div><\/figure><figure class='gallery-item'>\n\t\t\t<div class='gallery-icon landscape'>\n\t\t\t\t<a href='https:\/\/www.joyeriajael.es\/en\/graciasporcuidarnos-jael-joyeria-a-coruna-onda-cero-1-2\/'><img decoding=\"async\" width=\"100\" height=\"100\" src=\"https:\/\/www.joyeriajael.es\/wp-content\/uploads\/2020\/07\/GRACIASPORCUIDARNOS-JAEL-JOYERIA-A-CORUNA-ONDA-CERO-1-100x100.jpg\" class=\"attachment-thumbnail size-thumbnail\" alt=\"\" srcset=\"https:\/\/www.joyeriajael.es\/wp-content\/uploads\/2020\/07\/GRACIASPORCUIDARNOS-JAEL-JOYERIA-A-CORUNA-ONDA-CERO-1-100x100.jpg 100w, https:\/\/www.joyeriajael.es\/wp-content\/uploads\/2020\/07\/GRACIASPORCUIDARNOS-JAEL-JOYERIA-A-CORUNA-ONDA-CERO-1-300x300.jpg 300w, https:\/\/www.joyeriajael.es\/wp-content\/uploads\/2020\/07\/GRACIASPORCUIDARNOS-JAEL-JOYERIA-A-CORUNA-ONDA-CERO-1-155x155.jpg 155w, https:\/\/www.joyeriajael.es\/wp-content\/uploads\/2020\/07\/GRACIASPORCUIDARNOS-JAEL-JOYERIA-A-CORUNA-ONDA-CERO-1-200x200.jpg 200w\" sizes=\"(max-width: 100px) 100vw, 100px\" \/><\/a>\n\t\t\t<\/div><\/figure><figure class='gallery-item'>\n\t\t\t<div class='gallery-icon landscape'>\n\t\t\t\t<a href='https:\/\/www.joyeriajael.es\/en\/graciasporcuidarnos-jael-joyeria-a-coruna-onda-cero-2-2-2\/'><img loading=\"lazy\" decoding=\"async\" width=\"100\" height=\"100\" src=\"https:\/\/www.joyeriajael.es\/wp-content\/uploads\/2020\/07\/GRACIASPORCUIDARNOS-JAEL-JOYERIA-A-CORUNA-ONDA-CERO-2-1-100x100.jpg\" class=\"attachment-thumbnail size-thumbnail\" alt=\"\" srcset=\"https:\/\/www.joyeriajael.es\/wp-content\/uploads\/2020\/07\/GRACIASPORCUIDARNOS-JAEL-JOYERIA-A-CORUNA-ONDA-CERO-2-1-100x100.jpg 100w, https:\/\/www.joyeriajael.es\/wp-content\/uploads\/2020\/07\/GRACIASPORCUIDARNOS-JAEL-JOYERIA-A-CORUNA-ONDA-CERO-2-1-300x300.jpg 300w, https:\/\/www.joyeriajael.es\/wp-content\/uploads\/2020\/07\/GRACIASPORCUIDARNOS-JAEL-JOYERIA-A-CORUNA-ONDA-CERO-2-1-155x155.jpg 155w, https:\/\/www.joyeriajael.es\/wp-content\/uploads\/2020\/07\/GRACIASPORCUIDARNOS-JAEL-JOYERIA-A-CORUNA-ONDA-CERO-2-1-200x200.jpg 200w\" sizes=\"(max-width: 100px) 100vw, 100px\" \/><\/a>\n\t\t\t<\/div><\/figure><figure class='gallery-item'>\n\t\t\t<div class='gallery-icon landscape'>\n\t\t\t\t<a href='https:\/\/www.joyeriajael.es\/en\/graciasporcuidarnos-jael-joyeria-a-coruna-onda-cero-3\/'><img loading=\"lazy\" decoding=\"async\" width=\"100\" height=\"100\" src=\"https:\/\/www.joyeriajael.es\/wp-content\/uploads\/2020\/07\/GRACIASPORCUIDARNOS-JAEL-JOYERIA-A-CORUNA-ONDA-CERO-100x100.jpg\" class=\"attachment-thumbnail size-thumbnail\" alt=\"\" srcset=\"https:\/\/www.joyeriajael.es\/wp-content\/uploads\/2020\/07\/GRACIASPORCUIDARNOS-JAEL-JOYERIA-A-CORUNA-ONDA-CERO-100x100.jpg 100w, https:\/\/www.joyeriajael.es\/wp-content\/uploads\/2020\/07\/GRACIASPORCUIDARNOS-JAEL-JOYERIA-A-CORUNA-ONDA-CERO-300x300.jpg 300w, https:\/\/www.joyeriajael.es\/wp-content\/uploads\/2020\/07\/GRACIASPORCUIDARNOS-JAEL-JOYERIA-A-CORUNA-ONDA-CERO-155x155.jpg 155w, https:\/\/www.joyeriajael.es\/wp-content\/uploads\/2020\/07\/GRACIASPORCUIDARNOS-JAEL-JOYERIA-A-CORUNA-ONDA-CERO-200x200.jpg 200w\" sizes=\"(max-width: 100px) 100vw, 100px\" \/><\/a>\n\t\t\t<\/div><\/figure>\n\t\t<\/div>\n\n<p>.<\/p>\n","protected":false},"excerpt":{"rendered":"<p>The director of Jael Joyer\u00eda in A Coru\u00f1a, Tono Carabel, attended yesterday an act of recognition to the&hellip;<\/p>\n","protected":false},"author":4,"featured_media":41566,"comment_status":"closed","ping_status":"open","sticky":false,"template":"","format":"standard","meta":{"_acf_changed":false,"footnotes":""},"categories":[529,528],"tags":[],"class_list":["post-43551","post","type-post","status-publish","format-standard","has-post-thumbnail","hentry","category-events","category-on-front"],"acf":[],"yoast_head":"<!-- This site is optimized with the Yoast SEO Premium plugin v27.4 (Yoast SEO v27.4) - https:\/\/yoast.com\/product\/yoast-seo-premium-wordpress\/ -->\n<title>Jael pays tribute to the Police | Jael<\/title>\n<meta name=\"description\" content=\"The director of Jael Joyer\u00eda in A Coru\u00f1a, Tono Carabel, attended yesterday an act of recognition to the groups whose work is key\" \/>\n<meta name=\"robots\" content=\"index, follow, max-snippet:-1, max-image-preview:large, max-video-preview:-1\" \/>\n<link rel=\"canonical\" href=\"https:\/\/www.joyeriajael.es\/en\/jael-pays-tribute-to-the-police-at-the-gala-graciasporcuidarnos-de-onda-cero-thank-you-for-taking-care-of-us\/\" \/>\n<meta property=\"og:locale\" content=\"en_US\" \/>\n<meta property=\"og:type\" content=\"article\" \/>\n<meta property=\"og:title\" content=\"Jael pays tribute to the Police\" \/>\n<meta property=\"og:description\" content=\"The director of Jael Joyer\u00eda in A Coru\u00f1a, Tono Carabel, attended yesterday an act of recognition to the groups whose work is key\" \/>\n<meta property=\"og:url\" content=\"https:\/\/www.joyeriajael.es\/en\/jael-pays-tribute-to-the-police-at-the-gala-graciasporcuidarnos-de-onda-cero-thank-you-for-taking-care-of-us\/\" \/>\n<meta property=\"og:site_name\" content=\"Jael Joyer\u00eda\" \/>\n<meta property=\"article:published_time\" content=\"2022-04-01T14:10:34+00:00\" \/>\n<meta property=\"article:modified_time\" content=\"2023-06-21T13:59:17+00:00\" \/>\n<meta property=\"og:image\" content=\"https:\/\/www.joyeriajael.es\/wp-content\/uploads\/2020\/07\/DESTACADA-GRACIASPORCUIDARNOS-JAEL-JOYERIA-A-CORUNA-ONDA-CERO.jpg\" \/>\n\t<meta property=\"og:image:width\" content=\"2048\" \/>\n\t<meta property=\"og:image:height\" content=\"744\" \/>\n\t<meta property=\"og:image:type\" content=\"image\/jpeg\" \/>\n<meta name=\"author\" content=\"adrian\" \/>\n<meta name=\"twitter:card\" content=\"summary_large_image\" \/>\n<!-- \/ Yoast SEO Premium plugin. -->","yoast_head_json":{"title":"Jael pays tribute to the Police | Jael","description":"The director of Jael Joyer\u00eda in A Coru\u00f1a, Tono Carabel, attended yesterday an act of recognition to the groups whose work is key","robots":{"index":"index","follow":"follow","max-snippet":"max-snippet:-1","max-image-preview":"max-image-preview:large","max-video-preview":"max-video-preview:-1"},"canonical":"https:\/\/www.joyeriajael.es\/en\/jael-pays-tribute-to-the-police-at-the-gala-graciasporcuidarnos-de-onda-cero-thank-you-for-taking-care-of-us\/","og_locale":"en_US","og_type":"article","og_title":"Jael pays tribute to the Police","og_description":"The director of Jael Joyer\u00eda in A Coru\u00f1a, Tono Carabel, attended yesterday an act of recognition to the groups whose work is key","og_url":"https:\/\/www.joyeriajael.es\/en\/jael-pays-tribute-to-the-police-at-the-gala-graciasporcuidarnos-de-onda-cero-thank-you-for-taking-care-of-us\/","og_site_name":"Jael Joyer\u00eda","article_published_time":"2022-04-01T14:10:34+00:00","article_modified_time":"2023-06-21T13:59:17+00:00","og_image":[{"width":2048,"height":744,"url":"https:\/\/www.joyeriajael.es\/wp-content\/uploads\/2020\/07\/DESTACADA-GRACIASPORCUIDARNOS-JAEL-JOYERIA-A-CORUNA-ONDA-CERO.jpg","type":"image\/jpeg"}],"author":"adrian","twitter_card":"summary_large_image","schema":{"@context":"https:\/\/schema.org","@graph":[{"@type":["Article","BlogPosting"],"@id":"https:\/\/www.joyeriajael.es\/en\/jael-pays-tribute-to-the-police-at-the-gala-graciasporcuidarnos-de-onda-cero-thank-you-for-taking-care-of-us\/#article","isPartOf":{"@id":"https:\/\/www.joyeriajael.es\/en\/jael-pays-tribute-to-the-police-at-the-gala-graciasporcuidarnos-de-onda-cero-thank-you-for-taking-care-of-us\/"},"author":{"name":"adrian","@id":"https:\/\/www.joyeriajael.es\/en\/#\/schema\/person\/e547999ef3b82be2bc83696803c3d202"},"headline":"Jael pays tribute to the Police","datePublished":"2022-04-01T14:10:34+00:00","dateModified":"2023-06-21T13:59:17+00:00","mainEntityOfPage":{"@id":"https:\/\/www.joyeriajael.es\/en\/jael-pays-tribute-to-the-police-at-the-gala-graciasporcuidarnos-de-onda-cero-thank-you-for-taking-care-of-us\/"},"wordCount":273,"publisher":{"@id":"https:\/\/www.joyeriajael.es\/en\/#organization"},"image":{"@id":"https:\/\/www.joyeriajael.es\/en\/jael-pays-tribute-to-the-police-at-the-gala-graciasporcuidarnos-de-onda-cero-thank-you-for-taking-care-of-us\/#primaryimage"},"thumbnailUrl":"https:\/\/www.joyeriajael.es\/wp-content\/uploads\/2020\/07\/DESTACADA-GRACIASPORCUIDARNOS-JAEL-JOYERIA-A-CORUNA-ONDA-CERO.jpg","articleSection":["Events","On front"],"inLanguage":"en-US"},{"@type":["WebPage","ItemPage"],"@id":"https:\/\/www.joyeriajael.es\/en\/jael-pays-tribute-to-the-police-at-the-gala-graciasporcuidarnos-de-onda-cero-thank-you-for-taking-care-of-us\/","url":"https:\/\/www.joyeriajael.es\/en\/jael-pays-tribute-to-the-police-at-the-gala-graciasporcuidarnos-de-onda-cero-thank-you-for-taking-care-of-us\/","name":"Jael pays tribute to the Police | Jael","isPartOf":{"@id":"https:\/\/www.joyeriajael.es\/en\/#website"},"primaryImageOfPage":{"@id":"https:\/\/www.joyeriajael.es\/en\/jael-pays-tribute-to-the-police-at-the-gala-graciasporcuidarnos-de-onda-cero-thank-you-for-taking-care-of-us\/#primaryimage"},"image":{"@id":"https:\/\/www.joyeriajael.es\/en\/jael-pays-tribute-to-the-police-at-the-gala-graciasporcuidarnos-de-onda-cero-thank-you-for-taking-care-of-us\/#primaryimage"},"thumbnailUrl":"https:\/\/www.joyeriajael.es\/wp-content\/uploads\/2020\/07\/DESTACADA-GRACIASPORCUIDARNOS-JAEL-JOYERIA-A-CORUNA-ONDA-CERO.jpg","datePublished":"2022-04-01T14:10:34+00:00","dateModified":"2023-06-21T13:59:17+00:00","description":"The director of Jael Joyer\u00eda in A Coru\u00f1a, Tono Carabel, attended yesterday an act of recognition to the groups whose work is key","breadcrumb":{"@id":"https:\/\/www.joyeriajael.es\/en\/jael-pays-tribute-to-the-police-at-the-gala-graciasporcuidarnos-de-onda-cero-thank-you-for-taking-care-of-us\/#breadcrumb"},"inLanguage":"en-US","potentialAction":[{"@type":"ReadAction","target":["https:\/\/www.joyeriajael.es\/en\/jael-pays-tribute-to-the-police-at-the-gala-graciasporcuidarnos-de-onda-cero-thank-you-for-taking-care-of-us\/"]}]},{"@type":"ImageObject","inLanguage":"en-US","@id":"https:\/\/www.joyeriajael.es\/en\/jael-pays-tribute-to-the-police-at-the-gala-graciasporcuidarnos-de-onda-cero-thank-you-for-taking-care-of-us\/#primaryimage","url":"https:\/\/www.joyeriajael.es\/wp-content\/uploads\/2020\/07\/DESTACADA-GRACIASPORCUIDARNOS-JAEL-JOYERIA-A-CORUNA-ONDA-CERO.jpg","contentUrl":"https:\/\/www.joyeriajael.es\/wp-content\/uploads\/2020\/07\/DESTACADA-GRACIASPORCUIDARNOS-JAEL-JOYERIA-A-CORUNA-ONDA-CERO.jpg","width":2048,"height":744},{"@type":"BreadcrumbList","@id":"https:\/\/www.joyeriajael.es\/en\/jael-pays-tribute-to-the-police-at-the-gala-graciasporcuidarnos-de-onda-cero-thank-you-for-taking-care-of-us\/#breadcrumb","itemListElement":[{"@type":"ListItem","position":1,"name":"Portada","item":"https:\/\/www.joyeriajael.es\/en\/"},{"@type":"ListItem","position":2,"name":"Jael pays tribute to the Police"}]},{"@type":"WebSite","@id":"https:\/\/www.joyeriajael.es\/en\/#website","url":"https:\/\/www.joyeriajael.es\/en\/","name":"Jael Joyer\u00eda","description":"Jael Joyer\u00eda en Santiago de Compostela y A Coru\u00f1a. Primeras marcas, firmas exclusivas, \u00fanico concesionario autorizado de Rolex en la provincia de A Coru\u00f1a.","publisher":{"@id":"https:\/\/www.joyeriajael.es\/en\/#organization"},"alternateName":"Jael","potentialAction":[{"@type":"SearchAction","target":{"@type":"EntryPoint","urlTemplate":"https:\/\/www.joyeriajael.es\/en\/?s={search_term_string}"},"query-input":{"@type":"PropertyValueSpecification","valueRequired":true,"valueName":"search_term_string"}}],"inLanguage":"en-US"},{"@type":"Organization","@id":"https:\/\/www.joyeriajael.es\/en\/#organization","name":"Jael","alternateName":"Jael joyer\u00eda","url":"https:\/\/www.joyeriajael.es\/en\/","logo":{"@type":"ImageObject","inLanguage":"en-US","@id":"https:\/\/www.joyeriajael.es\/en\/#\/schema\/logo\/image\/","url":"https:\/\/www.joyeriajael.es\/wp-content\/uploads\/2024\/07\/cropped-favicon-1.png","contentUrl":"https:\/\/www.joyeriajael.es\/wp-content\/uploads\/2024\/07\/cropped-favicon-1.png","width":512,"height":512,"caption":"Jael"},"image":{"@id":"https:\/\/www.joyeriajael.es\/en\/#\/schema\/logo\/image\/"}},{"@type":"Person","@id":"https:\/\/www.joyeriajael.es\/en\/#\/schema\/person\/e547999ef3b82be2bc83696803c3d202","name":"adrian","image":{"@type":"ImageObject","inLanguage":"en-US","@id":"https:\/\/secure.gravatar.com\/avatar\/b7bbc357b35e4bc4cbe22f092819ab77abe8ae90f3478b1d30468ba8a75aedb7?s=96&d=mm&r=g","url":"https:\/\/secure.gravatar.com\/avatar\/b7bbc357b35e4bc4cbe22f092819ab77abe8ae90f3478b1d30468ba8a75aedb7?s=96&d=mm&r=g","contentUrl":"https:\/\/secure.gravatar.com\/avatar\/b7bbc357b35e4bc4cbe22f092819ab77abe8ae90f3478b1d30468ba8a75aedb7?s=96&d=mm&r=g","caption":"adrian"}}]}},"_links":{"self":[{"href":"https:\/\/www.joyeriajael.es\/en\/wp-json\/wp\/v2\/posts\/43551","targetHints":{"allow":["GET"]}}],"collection":[{"href":"https:\/\/www.joyeriajael.es\/en\/wp-json\/wp\/v2\/posts"}],"about":[{"href":"https:\/\/www.joyeriajael.es\/en\/wp-json\/wp\/v2\/types\/post"}],"author":[{"embeddable":true,"href":"https:\/\/www.joyeriajael.es\/en\/wp-json\/wp\/v2\/users\/4"}],"replies":[{"embeddable":true,"href":"https:\/\/www.joyeriajael.es\/en\/wp-json\/wp\/v2\/comments?post=43551"}],"version-history":[{"count":2,"href":"https:\/\/www.joyeriajael.es\/en\/wp-json\/wp\/v2\/posts\/43551\/revisions"}],"predecessor-version":[{"id":62977,"href":"https:\/\/www.joyeriajael.es\/en\/wp-json\/wp\/v2\/posts\/43551\/revisions\/62977"}],"wp:featuredmedia":[{"embeddable":true,"href":"https:\/\/www.joyeriajael.es\/en\/wp-json\/wp\/v2\/media\/41566"}],"wp:attachment":[{"href":"https:\/\/www.joyeriajael.es\/en\/wp-json\/wp\/v2\/media?parent=43551"}],"wp:term":[{"taxonomy":"category","embeddable":true,"href":"https:\/\/www.joyeriajael.es\/en\/wp-json\/wp\/v2\/categories?post=43551"},{"taxonomy":"post_tag","embeddable":true,"href":"https:\/\/www.joyeriajael.es\/en\/wp-json\/wp\/v2\/tags?post=43551"}],"curies":[{"name":"wp","href":"https:\/\/api.w.org\/{rel}","templated":true}]}}