{"id":43635,"date":"2022-04-04T16:35:20","date_gmt":"2022-04-04T14:35:20","guid":{"rendered":"https:\/\/www.joyeriajael.es\/we-raffle-on-instagram-sweatshirts-and-masks-from-jael-tag-heuer-and-the-pantin-classic\/"},"modified":"2023-06-21T16:18:25","modified_gmt":"2023-06-21T14:18:25","slug":"we-raffle-on-instagram-sweatshirts-and-masks-from-jael-tag-heuer-and-the-pantin-classic","status":"publish","type":"post","link":"https:\/\/www.joyeriajael.es\/en\/we-raffle-on-instagram-sweatshirts-and-masks-from-jael-tag-heuer-and-the-pantin-classic\/","title":{"rendered":"TAG Heuer and Jael at Pant\u00edn Classic"},"content":{"rendered":"<p>If you want to live the Pant\u00edn Classic Galicia Pro with the same intensity as us and TAG Heuer&#8230; participate in our contest on Instagram! We raffle two sweatshirts and two masks with the image of the dean of the Spanish surfing event.<!--more--><br \/>\nIt is very easy to participate:<br \/>\n&#8211; Follow <a href=\"https:\/\/www.instagram.com\/jaeljoyeria\/\" target=\"_blank\" rel=\"noopener\">our Instagram profile, @jaeljoyeria<\/a>, and @coresurfing.<br \/>\n&#8211; Like the giveaway post.<br \/>\n&#8211; Tag three friends.<br \/>\nYou have until August 25 to participate. The winners will be announced on the 26th.<br \/>\nGood luck!<\/p>\n<div id='gallery-1' class='gallery galleryid-43635 gallery-columns-2 gallery-size-thumbnail'><figure class='gallery-item'>\n\t\t\t<div class='gallery-icon landscape'>\n\t\t\t\t<a href='https:\/\/www.joyeriajael.es\/en\/we-raffle-on-instagram-sweatshirts-and-masks-from-jael-tag-heuer-and-the-pantin-classic\/sorteo-jael-tag-heuer-pantin-classic-galicia-pro-surf-2020-mascarillas-2\/'><img decoding=\"async\" width=\"100\" height=\"100\" src=\"https:\/\/www.joyeriajael.es\/wp-content\/uploads\/2020\/08\/Sorteo-Jael-TAG-Heuer-Pantin-Classic-Galicia-Pro-Surf-2020-mascarillas-100x100.jpeg\" class=\"attachment-thumbnail size-thumbnail\" alt=\"\" srcset=\"https:\/\/www.joyeriajael.es\/wp-content\/uploads\/2020\/08\/Sorteo-Jael-TAG-Heuer-Pantin-Classic-Galicia-Pro-Surf-2020-mascarillas-100x100.jpeg 100w, https:\/\/www.joyeriajael.es\/wp-content\/uploads\/2020\/08\/Sorteo-Jael-TAG-Heuer-Pantin-Classic-Galicia-Pro-Surf-2020-mascarillas-300x300.jpeg 300w, https:\/\/www.joyeriajael.es\/wp-content\/uploads\/2020\/08\/Sorteo-Jael-TAG-Heuer-Pantin-Classic-Galicia-Pro-Surf-2020-mascarillas-155x155.jpeg 155w, https:\/\/www.joyeriajael.es\/wp-content\/uploads\/2020\/08\/Sorteo-Jael-TAG-Heuer-Pantin-Classic-Galicia-Pro-Surf-2020-mascarillas-200x200.jpeg 200w\" sizes=\"(max-width: 100px) 100vw, 100px\" \/><\/a>\n\t\t\t<\/div><\/figure><figure class='gallery-item'>\n\t\t\t<div class='gallery-icon landscape'>\n\t\t\t\t<a href='https:\/\/www.joyeriajael.es\/en\/we-raffle-on-instagram-sweatshirts-and-masks-from-jael-tag-heuer-and-the-pantin-classic\/sorteo-jael-tag-heuer-pantin-classic-galicia-pro-surf-2020-sudaderas-2\/'><img decoding=\"async\" width=\"100\" height=\"100\" src=\"https:\/\/www.joyeriajael.es\/wp-content\/uploads\/2020\/08\/Sorteo-Jael-TAG-Heuer-Pantin-Classic-Galicia-Pro-Surf-2020-sudaderas-100x100.jpeg\" class=\"attachment-thumbnail size-thumbnail\" alt=\"\" srcset=\"https:\/\/www.joyeriajael.es\/wp-content\/uploads\/2020\/08\/Sorteo-Jael-TAG-Heuer-Pantin-Classic-Galicia-Pro-Surf-2020-sudaderas-100x100.jpeg 100w, https:\/\/www.joyeriajael.es\/wp-content\/uploads\/2020\/08\/Sorteo-Jael-TAG-Heuer-Pantin-Classic-Galicia-Pro-Surf-2020-sudaderas-300x300.jpeg 300w, https:\/\/www.joyeriajael.es\/wp-content\/uploads\/2020\/08\/Sorteo-Jael-TAG-Heuer-Pantin-Classic-Galicia-Pro-Surf-2020-sudaderas-155x155.jpeg 155w, https:\/\/www.joyeriajael.es\/wp-content\/uploads\/2020\/08\/Sorteo-Jael-TAG-Heuer-Pantin-Classic-Galicia-Pro-Surf-2020-sudaderas-200x200.jpeg 200w\" sizes=\"(max-width: 100px) 100vw, 100px\" \/><\/a>\n\t\t\t<\/div><\/figure>\n\t\t<\/div>\n\n","protected":false},"excerpt":{"rendered":"<p>If you want to live the Pant\u00edn Classic Galicia Pro with the same intensity as us and TAG&hellip;<\/p>\n","protected":false},"author":4,"featured_media":41594,"comment_status":"closed","ping_status":"open","sticky":false,"template":"","format":"standard","meta":{"_acf_changed":false,"footnotes":""},"categories":[529,528],"tags":[],"class_list":["post-43635","post","type-post","status-publish","format-standard","has-post-thumbnail","hentry","category-events","category-on-front"],"acf":[],"yoast_head":"<!-- This site is optimized with the Yoast SEO Premium plugin v27.4 (Yoast SEO v27.4) - https:\/\/yoast.com\/product\/yoast-seo-premium-wordpress\/ -->\n<title>TAG Heuer and Jael at Pant\u00edn Classic | Jael<\/title>\n<meta name=\"description\" content=\"If you want to live the Pant\u00edn Classic Galicia Pro with the same intensity as us and TAG Heuer... participate in our contest on Instagram!\" \/>\n<meta name=\"robots\" content=\"index, follow, max-snippet:-1, max-image-preview:large, max-video-preview:-1\" \/>\n<link rel=\"canonical\" href=\"https:\/\/www.joyeriajael.es\/en\/we-raffle-on-instagram-sweatshirts-and-masks-from-jael-tag-heuer-and-the-pantin-classic\/\" \/>\n<meta property=\"og:locale\" content=\"en_US\" \/>\n<meta property=\"og:type\" content=\"article\" \/>\n<meta property=\"og:title\" content=\"TAG Heuer and Jael at Pant\u00edn Classic\" \/>\n<meta property=\"og:description\" content=\"If you want to live the Pant\u00edn Classic Galicia Pro with the same intensity as us and TAG Heuer... participate in our contest on Instagram!\" \/>\n<meta property=\"og:url\" content=\"https:\/\/www.joyeriajael.es\/en\/we-raffle-on-instagram-sweatshirts-and-masks-from-jael-tag-heuer-and-the-pantin-classic\/\" \/>\n<meta property=\"og:site_name\" content=\"Jael Joyer\u00eda\" \/>\n<meta property=\"article:published_time\" content=\"2022-04-04T14:35:20+00:00\" \/>\n<meta property=\"article:modified_time\" content=\"2023-06-21T14:18:25+00:00\" \/>\n<meta property=\"og:image\" content=\"https:\/\/www.joyeriajael.es\/wp-content\/uploads\/2020\/08\/Sorteo-Jael-TAG-Heuer-Pantin-Classic-Galicia-Pro-Surf-2020-destacada.jpg\" \/>\n\t<meta property=\"og:image:width\" content=\"1527\" \/>\n\t<meta property=\"og:image:height\" content=\"555\" \/>\n\t<meta property=\"og:image:type\" content=\"image\/jpeg\" \/>\n<meta name=\"author\" content=\"adrian\" \/>\n<meta name=\"twitter:card\" content=\"summary_large_image\" \/>\n<!-- \/ Yoast SEO Premium plugin. -->","yoast_head_json":{"title":"TAG Heuer and Jael at Pant\u00edn Classic | Jael","description":"If you want to live the Pant\u00edn Classic Galicia Pro with the same intensity as us and TAG Heuer... participate in our contest on Instagram!","robots":{"index":"index","follow":"follow","max-snippet":"max-snippet:-1","max-image-preview":"max-image-preview:large","max-video-preview":"max-video-preview:-1"},"canonical":"https:\/\/www.joyeriajael.es\/en\/we-raffle-on-instagram-sweatshirts-and-masks-from-jael-tag-heuer-and-the-pantin-classic\/","og_locale":"en_US","og_type":"article","og_title":"TAG Heuer and Jael at Pant\u00edn Classic","og_description":"If you want to live the Pant\u00edn Classic Galicia Pro with the same intensity as us and TAG Heuer... participate in our contest on Instagram!","og_url":"https:\/\/www.joyeriajael.es\/en\/we-raffle-on-instagram-sweatshirts-and-masks-from-jael-tag-heuer-and-the-pantin-classic\/","og_site_name":"Jael Joyer\u00eda","article_published_time":"2022-04-04T14:35:20+00:00","article_modified_time":"2023-06-21T14:18:25+00:00","og_image":[{"width":1527,"height":555,"url":"https:\/\/www.joyeriajael.es\/wp-content\/uploads\/2020\/08\/Sorteo-Jael-TAG-Heuer-Pantin-Classic-Galicia-Pro-Surf-2020-destacada.jpg","type":"image\/jpeg"}],"author":"adrian","twitter_card":"summary_large_image","schema":{"@context":"https:\/\/schema.org","@graph":[{"@type":["Article","BlogPosting"],"@id":"https:\/\/www.joyeriajael.es\/en\/we-raffle-on-instagram-sweatshirts-and-masks-from-jael-tag-heuer-and-the-pantin-classic\/#article","isPartOf":{"@id":"https:\/\/www.joyeriajael.es\/en\/we-raffle-on-instagram-sweatshirts-and-masks-from-jael-tag-heuer-and-the-pantin-classic\/"},"author":{"name":"adrian","@id":"https:\/\/www.joyeriajael.es\/en\/#\/schema\/person\/e547999ef3b82be2bc83696803c3d202"},"headline":"TAG Heuer and Jael at Pant\u00edn Classic","datePublished":"2022-04-04T14:35:20+00:00","dateModified":"2023-06-21T14:18:25+00:00","mainEntityOfPage":{"@id":"https:\/\/www.joyeriajael.es\/en\/we-raffle-on-instagram-sweatshirts-and-masks-from-jael-tag-heuer-and-the-pantin-classic\/"},"wordCount":94,"publisher":{"@id":"https:\/\/www.joyeriajael.es\/en\/#organization"},"image":{"@id":"https:\/\/www.joyeriajael.es\/en\/we-raffle-on-instagram-sweatshirts-and-masks-from-jael-tag-heuer-and-the-pantin-classic\/#primaryimage"},"thumbnailUrl":"https:\/\/www.joyeriajael.es\/wp-content\/uploads\/2020\/08\/Sorteo-Jael-TAG-Heuer-Pantin-Classic-Galicia-Pro-Surf-2020-destacada.jpg","articleSection":["Events","On front"],"inLanguage":"en-US"},{"@type":["WebPage","ItemPage"],"@id":"https:\/\/www.joyeriajael.es\/en\/we-raffle-on-instagram-sweatshirts-and-masks-from-jael-tag-heuer-and-the-pantin-classic\/","url":"https:\/\/www.joyeriajael.es\/en\/we-raffle-on-instagram-sweatshirts-and-masks-from-jael-tag-heuer-and-the-pantin-classic\/","name":"TAG Heuer and Jael at Pant\u00edn Classic | Jael","isPartOf":{"@id":"https:\/\/www.joyeriajael.es\/en\/#website"},"primaryImageOfPage":{"@id":"https:\/\/www.joyeriajael.es\/en\/we-raffle-on-instagram-sweatshirts-and-masks-from-jael-tag-heuer-and-the-pantin-classic\/#primaryimage"},"image":{"@id":"https:\/\/www.joyeriajael.es\/en\/we-raffle-on-instagram-sweatshirts-and-masks-from-jael-tag-heuer-and-the-pantin-classic\/#primaryimage"},"thumbnailUrl":"https:\/\/www.joyeriajael.es\/wp-content\/uploads\/2020\/08\/Sorteo-Jael-TAG-Heuer-Pantin-Classic-Galicia-Pro-Surf-2020-destacada.jpg","datePublished":"2022-04-04T14:35:20+00:00","dateModified":"2023-06-21T14:18:25+00:00","description":"If you want to live the Pant\u00edn Classic Galicia Pro with the same intensity as us and TAG Heuer... participate in our contest on Instagram!","breadcrumb":{"@id":"https:\/\/www.joyeriajael.es\/en\/we-raffle-on-instagram-sweatshirts-and-masks-from-jael-tag-heuer-and-the-pantin-classic\/#breadcrumb"},"inLanguage":"en-US","potentialAction":[{"@type":"ReadAction","target":["https:\/\/www.joyeriajael.es\/en\/we-raffle-on-instagram-sweatshirts-and-masks-from-jael-tag-heuer-and-the-pantin-classic\/"]}]},{"@type":"ImageObject","inLanguage":"en-US","@id":"https:\/\/www.joyeriajael.es\/en\/we-raffle-on-instagram-sweatshirts-and-masks-from-jael-tag-heuer-and-the-pantin-classic\/#primaryimage","url":"https:\/\/www.joyeriajael.es\/wp-content\/uploads\/2020\/08\/Sorteo-Jael-TAG-Heuer-Pantin-Classic-Galicia-Pro-Surf-2020-destacada.jpg","contentUrl":"https:\/\/www.joyeriajael.es\/wp-content\/uploads\/2020\/08\/Sorteo-Jael-TAG-Heuer-Pantin-Classic-Galicia-Pro-Surf-2020-destacada.jpg","width":1527,"height":555},{"@type":"BreadcrumbList","@id":"https:\/\/www.joyeriajael.es\/en\/we-raffle-on-instagram-sweatshirts-and-masks-from-jael-tag-heuer-and-the-pantin-classic\/#breadcrumb","itemListElement":[{"@type":"ListItem","position":1,"name":"Portada","item":"https:\/\/www.joyeriajael.es\/en\/"},{"@type":"ListItem","position":2,"name":"TAG Heuer and Jael at Pant\u00edn Classic"}]},{"@type":"WebSite","@id":"https:\/\/www.joyeriajael.es\/en\/#website","url":"https:\/\/www.joyeriajael.es\/en\/","name":"Jael Joyer\u00eda","description":"Jael Joyer\u00eda en Santiago de Compostela y A Coru\u00f1a. Primeras marcas, firmas exclusivas, \u00fanico concesionario autorizado de Rolex en la provincia de A Coru\u00f1a.","publisher":{"@id":"https:\/\/www.joyeriajael.es\/en\/#organization"},"alternateName":"Jael","potentialAction":[{"@type":"SearchAction","target":{"@type":"EntryPoint","urlTemplate":"https:\/\/www.joyeriajael.es\/en\/?s={search_term_string}"},"query-input":{"@type":"PropertyValueSpecification","valueRequired":true,"valueName":"search_term_string"}}],"inLanguage":"en-US"},{"@type":"Organization","@id":"https:\/\/www.joyeriajael.es\/en\/#organization","name":"Jael","alternateName":"Jael joyer\u00eda","url":"https:\/\/www.joyeriajael.es\/en\/","logo":{"@type":"ImageObject","inLanguage":"en-US","@id":"https:\/\/www.joyeriajael.es\/en\/#\/schema\/logo\/image\/","url":"https:\/\/www.joyeriajael.es\/wp-content\/uploads\/2024\/07\/cropped-favicon-1.png","contentUrl":"https:\/\/www.joyeriajael.es\/wp-content\/uploads\/2024\/07\/cropped-favicon-1.png","width":512,"height":512,"caption":"Jael"},"image":{"@id":"https:\/\/www.joyeriajael.es\/en\/#\/schema\/logo\/image\/"}},{"@type":"Person","@id":"https:\/\/www.joyeriajael.es\/en\/#\/schema\/person\/e547999ef3b82be2bc83696803c3d202","name":"adrian","image":{"@type":"ImageObject","inLanguage":"en-US","@id":"https:\/\/secure.gravatar.com\/avatar\/b7bbc357b35e4bc4cbe22f092819ab77abe8ae90f3478b1d30468ba8a75aedb7?s=96&d=mm&r=g","url":"https:\/\/secure.gravatar.com\/avatar\/b7bbc357b35e4bc4cbe22f092819ab77abe8ae90f3478b1d30468ba8a75aedb7?s=96&d=mm&r=g","contentUrl":"https:\/\/secure.gravatar.com\/avatar\/b7bbc357b35e4bc4cbe22f092819ab77abe8ae90f3478b1d30468ba8a75aedb7?s=96&d=mm&r=g","caption":"adrian"}}]}},"_links":{"self":[{"href":"https:\/\/www.joyeriajael.es\/en\/wp-json\/wp\/v2\/posts\/43635","targetHints":{"allow":["GET"]}}],"collection":[{"href":"https:\/\/www.joyeriajael.es\/en\/wp-json\/wp\/v2\/posts"}],"about":[{"href":"https:\/\/www.joyeriajael.es\/en\/wp-json\/wp\/v2\/types\/post"}],"author":[{"embeddable":true,"href":"https:\/\/www.joyeriajael.es\/en\/wp-json\/wp\/v2\/users\/4"}],"replies":[{"embeddable":true,"href":"https:\/\/www.joyeriajael.es\/en\/wp-json\/wp\/v2\/comments?post=43635"}],"version-history":[{"count":2,"href":"https:\/\/www.joyeriajael.es\/en\/wp-json\/wp\/v2\/posts\/43635\/revisions"}],"predecessor-version":[{"id":62998,"href":"https:\/\/www.joyeriajael.es\/en\/wp-json\/wp\/v2\/posts\/43635\/revisions\/62998"}],"wp:featuredmedia":[{"embeddable":true,"href":"https:\/\/www.joyeriajael.es\/en\/wp-json\/wp\/v2\/media\/41594"}],"wp:attachment":[{"href":"https:\/\/www.joyeriajael.es\/en\/wp-json\/wp\/v2\/media?parent=43635"}],"wp:term":[{"taxonomy":"category","embeddable":true,"href":"https:\/\/www.joyeriajael.es\/en\/wp-json\/wp\/v2\/categories?post=43635"},{"taxonomy":"post_tag","embeddable":true,"href":"https:\/\/www.joyeriajael.es\/en\/wp-json\/wp\/v2\/tags?post=43635"}],"curies":[{"name":"wp","href":"https:\/\/api.w.org\/{rel}","templated":true}]}}